{"id":2579,"date":"2020-02-20T20:12:47","date_gmt":"2020-02-20T23:12:47","guid":{"rendered":"https:\/\/www.capeca.org.ar\/?p=2579"},"modified":"2020-02-20T20:18:37","modified_gmt":"2020-02-20T23:18:37","slug":"reunion-de-intercamaras-con-el-nuevo-director-del-inidep","status":"publish","type":"post","link":"https:\/\/www.capeca.org.ar\/index.php\/2020\/02\/20\/reunion-de-intercamaras-con-el-nuevo-director-del-inidep\/","title":{"rendered":"Reuni\u00f3n de Interc\u00e1maras con el nuevo Director del INIDEP"},"content":{"rendered":"<p>La Interc\u00e1maras de la Industria Pesquera Argentina mantuvo una reuni\u00f3n con el nuevo #Director del @INIDEPMdq Lic. Oscar Padin d\u00f3nde se trataron temas vinculados al #SectorPesquero<\/p>\n<p>Comunicaci\u00f3n CAPeCA<\/p>\n","protected":false},"excerpt":{"rendered":"<p>La Interc\u00e1maras de la Industria Pesquera Argentina mantuvo una reuni\u00f3n con el nuevo #Director del @INIDEPMdq Lic. Oscar Padin d\u00f3nde se trataron temas vinculados al #SectorPesquero Comunicaci\u00f3n CAPeCA<\/p>\n","protected":false},"author":2,"featured_media":2580,"comment_status":"open","ping_status":"open","sticky":false,"template":"","format":"standard","meta":{"_monsterinsights_skip_tracking":false,"_monsterinsights_sitenote_active":false,"_monsterinsights_sitenote_note":"","_monsterinsights_sitenote_category":0,"neve_meta_sidebar":"","neve_meta_container":"","neve_meta_enable_content_width":"","neve_meta_content_width":0,"neve_meta_title_alignment":"","neve_meta_author_avatar":"","neve_post_elements_order":"","neve_meta_disable_header":"","neve_meta_disable_footer":"","neve_meta_disable_title":"","footnotes":""},"categories":[1],"tags":[87,43,121,80],"class_list":["post-2579","post","type-post","status-publish","format-standard","has-post-thumbnail","hentry","category-noticias","tag-industria-pesquera","tag-inidep","tag-intercamaras","tag-investigacion"],"yoast_head":"<!-- This site is optimized with the Yoast SEO plugin v24.1 - https:\/\/yoast.com\/wordpress\/plugins\/seo\/ -->\n<title>Reuni\u00f3n de Interc\u00e1maras con el nuevo Director del INIDEP - C.A.Pe.C.A.<\/title>\n<meta name=\"robots\" content=\"index, follow, max-snippet:-1, max-image-preview:large, max-video-preview:-1\" \/>\n<link rel=\"canonical\" href=\"https:\/\/www.capeca.org.ar\/index.php\/2020\/02\/20\/reunion-de-intercamaras-con-el-nuevo-director-del-inidep\/\" \/>\n<meta property=\"og:locale\" content=\"es_ES\" \/>\n<meta property=\"og:type\" content=\"article\" \/>\n<meta property=\"og:title\" content=\"Reuni\u00f3n de Interc\u00e1maras con el nuevo Director del INIDEP - C.A.Pe.C.A.\" \/>\n<meta property=\"og:description\" content=\"La Interc\u00e1maras de la Industria Pesquera Argentina mantuvo una reuni\u00f3n con el nuevo #Director del @INIDEPMdq Lic. Oscar Padin d\u00f3nde se trataron temas vinculados al #SectorPesquero Comunicaci\u00f3n CAPeCA\" \/>\n<meta property=\"og:url\" content=\"https:\/\/www.capeca.org.ar\/index.php\/2020\/02\/20\/reunion-de-intercamaras-con-el-nuevo-director-del-inidep\/\" \/>\n<meta property=\"og:site_name\" content=\"C.A.Pe.C.A.\" \/>\n<meta property=\"article:published_time\" content=\"2020-02-20T23:12:47+00:00\" \/>\n<meta property=\"article:modified_time\" content=\"2020-02-20T23:18:37+00:00\" \/>\n<meta property=\"og:image\" content=\"https:\/\/www.capeca.org.ar\/wp\/wp-content\/uploads\/2020\/02\/IMG_20200220_083041_443.jpg\" \/>\n\t<meta property=\"og:image:width\" content=\"760\" \/>\n\t<meta property=\"og:image:height\" content=\"530\" \/>\n\t<meta property=\"og:image:type\" content=\"image\/jpeg\" \/>\n<meta name=\"author\" content=\"CAPeCA\" \/>\n<meta name=\"twitter:card\" content=\"summary_large_image\" \/>\n<meta name=\"twitter:label1\" content=\"Escrito por\" \/>\n\t<meta name=\"twitter:data1\" content=\"CAPeCA\" \/>\n<script type=\"application\/ld+json\" class=\"yoast-schema-graph\">{\"@context\":\"https:\/\/schema.org\",\"@graph\":[{\"@type\":\"WebPage\",\"@id\":\"https:\/\/www.capeca.org.ar\/index.php\/2020\/02\/20\/reunion-de-intercamaras-con-el-nuevo-director-del-inidep\/\",\"url\":\"https:\/\/www.capeca.org.ar\/index.php\/2020\/02\/20\/reunion-de-intercamaras-con-el-nuevo-director-del-inidep\/\",\"name\":\"Reuni\u00f3n de Interc\u00e1maras con el nuevo Director del INIDEP - C.A.Pe.C.A.\",\"isPartOf\":{\"@id\":\"https:\/\/www.capeca.org.ar\/#website\"},\"primaryImageOfPage\":{\"@id\":\"https:\/\/www.capeca.org.ar\/index.php\/2020\/02\/20\/reunion-de-intercamaras-con-el-nuevo-director-del-inidep\/#primaryimage\"},\"image\":{\"@id\":\"https:\/\/www.capeca.org.ar\/index.php\/2020\/02\/20\/reunion-de-intercamaras-con-el-nuevo-director-del-inidep\/#primaryimage\"},\"thumbnailUrl\":\"https:\/\/www.capeca.org.ar\/wp\/wp-content\/uploads\/2020\/02\/IMG_20200220_083041_443.jpg\",\"datePublished\":\"2020-02-20T23:12:47+00:00\",\"dateModified\":\"2020-02-20T23:18:37+00:00\",\"author\":{\"@id\":\"https:\/\/www.capeca.org.ar\/#\/schema\/person\/43dc64f7ef5c0482f883f13c92a1b947\"},\"breadcrumb\":{\"@id\":\"https:\/\/www.capeca.org.ar\/index.php\/2020\/02\/20\/reunion-de-intercamaras-con-el-nuevo-director-del-inidep\/#breadcrumb\"},\"inLanguage\":\"es\",\"potentialAction\":[{\"@type\":\"ReadAction\",\"target\":[\"https:\/\/www.capeca.org.ar\/index.php\/2020\/02\/20\/reunion-de-intercamaras-con-el-nuevo-director-del-inidep\/\"]}]},{\"@type\":\"ImageObject\",\"inLanguage\":\"es\",\"@id\":\"https:\/\/www.capeca.org.ar\/index.php\/2020\/02\/20\/reunion-de-intercamaras-con-el-nuevo-director-del-inidep\/#primaryimage\",\"url\":\"https:\/\/www.capeca.org.ar\/wp\/wp-content\/uploads\/2020\/02\/IMG_20200220_083041_443.jpg\",\"contentUrl\":\"https:\/\/www.capeca.org.ar\/wp\/wp-content\/uploads\/2020\/02\/IMG_20200220_083041_443.jpg\",\"width\":760,\"height\":530},{\"@type\":\"BreadcrumbList\",\"@id\":\"https:\/\/www.capeca.org.ar\/index.php\/2020\/02\/20\/reunion-de-intercamaras-con-el-nuevo-director-del-inidep\/#breadcrumb\",\"itemListElement\":[{\"@type\":\"ListItem\",\"position\":1,\"name\":\"Portada\",\"item\":\"https:\/\/www.capeca.org.ar\/\"},{\"@type\":\"ListItem\",\"position\":2,\"name\":\"Reuni\u00f3n de Interc\u00e1maras con el nuevo Director del INIDEP\"}]},{\"@type\":\"WebSite\",\"@id\":\"https:\/\/www.capeca.org.ar\/#website\",\"url\":\"https:\/\/www.capeca.org.ar\/\",\"name\":\"C.A.Pe.C.A.\",\"description\":\"C\u00e1mara de Armadores de Pesqueros y Congeladores de la Argentina\",\"potentialAction\":[{\"@type\":\"SearchAction\",\"target\":{\"@type\":\"EntryPoint\",\"urlTemplate\":\"https:\/\/www.capeca.org.ar\/?s={search_term_string}\"},\"query-input\":{\"@type\":\"PropertyValueSpecification\",\"valueRequired\":true,\"valueName\":\"search_term_string\"}}],\"inLanguage\":\"es\"},{\"@type\":\"Person\",\"@id\":\"https:\/\/www.capeca.org.ar\/#\/schema\/person\/43dc64f7ef5c0482f883f13c92a1b947\",\"name\":\"CAPeCA\",\"image\":{\"@type\":\"ImageObject\",\"inLanguage\":\"es\",\"@id\":\"https:\/\/www.capeca.org.ar\/#\/schema\/person\/image\/\",\"url\":\"https:\/\/secure.gravatar.com\/avatar\/236a623f39daa823cf184d241dcde1ff?s=96&d=mm&r=g\",\"contentUrl\":\"https:\/\/secure.gravatar.com\/avatar\/236a623f39daa823cf184d241dcde1ff?s=96&d=mm&r=g\",\"caption\":\"CAPeCA\"},\"url\":\"https:\/\/www.capeca.org.ar\/index.php\/author\/capeca\/\"}]}<\/script>\n<!-- \/ Yoast SEO plugin. -->","yoast_head_json":{"title":"Reuni\u00f3n de Interc\u00e1maras con el nuevo Director del INIDEP - C.A.Pe.C.A.","robots":{"index":"index","follow":"follow","max-snippet":"max-snippet:-1","max-image-preview":"max-image-preview:large","max-video-preview":"max-video-preview:-1"},"canonical":"https:\/\/www.capeca.org.ar\/index.php\/2020\/02\/20\/reunion-de-intercamaras-con-el-nuevo-director-del-inidep\/","og_locale":"es_ES","og_type":"article","og_title":"Reuni\u00f3n de Interc\u00e1maras con el nuevo Director del INIDEP - C.A.Pe.C.A.","og_description":"La Interc\u00e1maras de la Industria Pesquera Argentina mantuvo una reuni\u00f3n con el nuevo #Director del @INIDEPMdq Lic. Oscar Padin d\u00f3nde se trataron temas vinculados al #SectorPesquero Comunicaci\u00f3n CAPeCA","og_url":"https:\/\/www.capeca.org.ar\/index.php\/2020\/02\/20\/reunion-de-intercamaras-con-el-nuevo-director-del-inidep\/","og_site_name":"C.A.Pe.C.A.","article_published_time":"2020-02-20T23:12:47+00:00","article_modified_time":"2020-02-20T23:18:37+00:00","og_image":[{"width":760,"height":530,"url":"https:\/\/www.capeca.org.ar\/wp\/wp-content\/uploads\/2020\/02\/IMG_20200220_083041_443.jpg","type":"image\/jpeg"}],"author":"CAPeCA","twitter_card":"summary_large_image","twitter_misc":{"Escrito por":"CAPeCA"},"schema":{"@context":"https:\/\/schema.org","@graph":[{"@type":"WebPage","@id":"https:\/\/www.capeca.org.ar\/index.php\/2020\/02\/20\/reunion-de-intercamaras-con-el-nuevo-director-del-inidep\/","url":"https:\/\/www.capeca.org.ar\/index.php\/2020\/02\/20\/reunion-de-intercamaras-con-el-nuevo-director-del-inidep\/","name":"Reuni\u00f3n de Interc\u00e1maras con el nuevo Director del INIDEP - C.A.Pe.C.A.","isPartOf":{"@id":"https:\/\/www.capeca.org.ar\/#website"},"primaryImageOfPage":{"@id":"https:\/\/www.capeca.org.ar\/index.php\/2020\/02\/20\/reunion-de-intercamaras-con-el-nuevo-director-del-inidep\/#primaryimage"},"image":{"@id":"https:\/\/www.capeca.org.ar\/index.php\/2020\/02\/20\/reunion-de-intercamaras-con-el-nuevo-director-del-inidep\/#primaryimage"},"thumbnailUrl":"https:\/\/www.capeca.org.ar\/wp\/wp-content\/uploads\/2020\/02\/IMG_20200220_083041_443.jpg","datePublished":"2020-02-20T23:12:47+00:00","dateModified":"2020-02-20T23:18:37+00:00","author":{"@id":"https:\/\/www.capeca.org.ar\/#\/schema\/person\/43dc64f7ef5c0482f883f13c92a1b947"},"breadcrumb":{"@id":"https:\/\/www.capeca.org.ar\/index.php\/2020\/02\/20\/reunion-de-intercamaras-con-el-nuevo-director-del-inidep\/#breadcrumb"},"inLanguage":"es","potentialAction":[{"@type":"ReadAction","target":["https:\/\/www.capeca.org.ar\/index.php\/2020\/02\/20\/reunion-de-intercamaras-con-el-nuevo-director-del-inidep\/"]}]},{"@type":"ImageObject","inLanguage":"es","@id":"https:\/\/www.capeca.org.ar\/index.php\/2020\/02\/20\/reunion-de-intercamaras-con-el-nuevo-director-del-inidep\/#primaryimage","url":"https:\/\/www.capeca.org.ar\/wp\/wp-content\/uploads\/2020\/02\/IMG_20200220_083041_443.jpg","contentUrl":"https:\/\/www.capeca.org.ar\/wp\/wp-content\/uploads\/2020\/02\/IMG_20200220_083041_443.jpg","width":760,"height":530},{"@type":"BreadcrumbList","@id":"https:\/\/www.capeca.org.ar\/index.php\/2020\/02\/20\/reunion-de-intercamaras-con-el-nuevo-director-del-inidep\/#breadcrumb","itemListElement":[{"@type":"ListItem","position":1,"name":"Portada","item":"https:\/\/www.capeca.org.ar\/"},{"@type":"ListItem","position":2,"name":"Reuni\u00f3n de Interc\u00e1maras con el nuevo Director del INIDEP"}]},{"@type":"WebSite","@id":"https:\/\/www.capeca.org.ar\/#website","url":"https:\/\/www.capeca.org.ar\/","name":"C.A.Pe.C.A.","description":"C\u00e1mara de Armadores de Pesqueros y Congeladores de la Argentina","potentialAction":[{"@type":"SearchAction","target":{"@type":"EntryPoint","urlTemplate":"https:\/\/www.capeca.org.ar\/?s={search_term_string}"},"query-input":{"@type":"PropertyValueSpecification","valueRequired":true,"valueName":"search_term_string"}}],"inLanguage":"es"},{"@type":"Person","@id":"https:\/\/www.capeca.org.ar\/#\/schema\/person\/43dc64f7ef5c0482f883f13c92a1b947","name":"CAPeCA","image":{"@type":"ImageObject","inLanguage":"es","@id":"https:\/\/www.capeca.org.ar\/#\/schema\/person\/image\/","url":"https:\/\/secure.gravatar.com\/avatar\/236a623f39daa823cf184d241dcde1ff?s=96&d=mm&r=g","contentUrl":"https:\/\/secure.gravatar.com\/avatar\/236a623f39daa823cf184d241dcde1ff?s=96&d=mm&r=g","caption":"CAPeCA"},"url":"https:\/\/www.capeca.org.ar\/index.php\/author\/capeca\/"}]}},"_links":{"self":[{"href":"https:\/\/www.capeca.org.ar\/index.php\/wp-json\/wp\/v2\/posts\/2579","targetHints":{"allow":["GET"]}}],"collection":[{"href":"https:\/\/www.capeca.org.ar\/index.php\/wp-json\/wp\/v2\/posts"}],"about":[{"href":"https:\/\/www.capeca.org.ar\/index.php\/wp-json\/wp\/v2\/types\/post"}],"author":[{"embeddable":true,"href":"https:\/\/www.capeca.org.ar\/index.php\/wp-json\/wp\/v2\/users\/2"}],"replies":[{"embeddable":true,"href":"https:\/\/www.capeca.org.ar\/index.php\/wp-json\/wp\/v2\/comments?post=2579"}],"version-history":[{"count":2,"href":"https:\/\/www.capeca.org.ar\/index.php\/wp-json\/wp\/v2\/posts\/2579\/revisions"}],"predecessor-version":[{"id":2586,"href":"https:\/\/www.capeca.org.ar\/index.php\/wp-json\/wp\/v2\/posts\/2579\/revisions\/2586"}],"wp:featuredmedia":[{"embeddable":true,"href":"https:\/\/www.capeca.org.ar\/index.php\/wp-json\/wp\/v2\/media\/2580"}],"wp:attachment":[{"href":"https:\/\/www.capeca.org.ar\/index.php\/wp-json\/wp\/v2\/media?parent=2579"}],"wp:term":[{"taxonomy":"category","embeddable":true,"href":"https:\/\/www.capeca.org.ar\/index.php\/wp-json\/wp\/v2\/categories?post=2579"},{"taxonomy":"post_tag","embeddable":true,"href":"https:\/\/www.capeca.org.ar\/index.php\/wp-json\/wp\/v2\/tags?post=2579"}],"curies":[{"name":"wp","href":"https:\/\/api.w.org\/{rel}","templated":true}]}}