{"id":2182,"date":"2019-06-27T11:46:43","date_gmt":"2019-06-27T14:46:43","guid":{"rendered":"https:\/\/www.capeca.org.ar\/?p=2182"},"modified":"2019-06-27T11:46:56","modified_gmt":"2019-06-27T14:46:56","slug":"fijan-diversas-medidas-de-administracion-para-la-zona-comun-de-pesca","status":"publish","type":"post","link":"https:\/\/www.capeca.org.ar\/index.php\/2019\/06\/27\/fijan-diversas-medidas-de-administracion-para-la-zona-comun-de-pesca\/","title":{"rendered":"Fijan diversas medidas de administraci\u00f3n para la Zona Com\u00fan de Pesca"},"content":{"rendered":"<h1 class=\"article-title\"><span style=\"font-size: 16px;\">La Comisi\u00f3n T\u00e9cnica Mixta del Frente Mar\u00edtimo actualiz\u00f3 la veda de merluza y determin\u00f3 capturas totales permisibles de lenguado, besugo y pez palo.<\/span><\/h1>\n<hr \/>\n<div class=\"post-text text-content\">\n<p><span class=\"wpsdc-drop-cap\">U<\/span>na serie de medidas administrativas fueron adoptadas por la Comisi\u00f3n T\u00e9cnica Mixta del Frente Mar\u00edtimo (CTMFM). Las resoluciones, con impacto en la actividad de la flota local que opera en la Zona Com\u00fan de Pesca, fueron publicadas hoy en el\u00a0<em>Bolet\u00edn Oficial<\/em>argentino.En principio, mediante la Resoluci\u00f3n 6\/19, el ente mixto actualiz\u00f3 la configuraci\u00f3n de la veda de merluza para el per\u00edodo invernal. Regir\u00e1 desde el 1\u00b0 de julio hasta el 30 de septiembre inclusive. La prohibici\u00f3n del arrastre de fondo contempla los siguientes puntos:<\/p>\n<ul>\n<li>35\u00b003\u2019S \u2013 52\u00b053\u2019W<\/li>\n<\/ul>\n<ul>\n<li>35\u00b018\u2019S \u2013 52\u00b030\u2019W<\/li>\n<\/ul>\n<ul>\n<li>36\u00b027\u2019S \u2013 53\u00b045\u2019W<\/li>\n<\/ul>\n<ul>\n<li>36\u00b054\u2019S \u2013 54\u00b007\u2019W<\/li>\n<\/ul>\n<ul>\n<li>36\u00b031\u2019S \u2013 54\u00b036\u2019W<\/li>\n<\/ul>\n<p>\u201cPerm\u00edtese en dicho sector la pesca de especies pel\u00e1gicas, empleando exclusivamente redes de media agua y en horario diurno\u201d, aclara la normativa.<\/p>\n<figure class=\"wp-block-image\"><img decoding=\"async\" class=\"wp-image-22244\" src=\"https:\/\/www.pescare.com.ar\/wp-content\/uploads\/2019\/06\/ctmfm.jpg\" sizes=\"(max-width: 1280px) 100vw, 1280px\" srcset=\"https:\/\/www.pescare.com.ar\/wp-content\/uploads\/2019\/06\/ctmfm.jpg 1280w, https:\/\/www.pescare.com.ar\/wp-content\/uploads\/2019\/06\/ctmfm-768x321.jpg 768w\" alt=\"\" \/><figcaption><em>Reuni\u00f3n del Grupo de Trabajo Costero.<\/em><\/figcaption><\/figure>\n<p><strong>Capturas totales permisibles<\/strong><\/p>\n<p>Por otro lado, tras la reuni\u00f3n que mantuviera d\u00edas atr\u00e1s el Grupo de Trabajo Costero en la sede del Inidep, la Comisi\u00f3n determin\u00f3 las capturas totales permisibles 2019 de lenguado, besugo y pez palo. En todos los casos replic\u00f3 los par\u00e1metros del a\u00f1o pasado.<\/p>\n<ul>\n<li><strong>Lenguado<\/strong><\/li>\n<\/ul>\n<figure class=\"wp-block-image\"><img decoding=\"async\" class=\"wp-image-18510\" src=\"https:\/\/www.pescare.com.ar\/wp-content\/uploads\/2018\/06\/thumb-lenguado04.gif\" alt=\"\" \/><\/figure>\n<p>.\u00a0<em>Resoluci\u00f3n 3\/19<\/em><\/p>\n<p>Captura Total Permisible: 4.800 toneladas.<\/p>\n<p>Reserva administrativa: hasta 500 toneladas.<\/p>\n<p>Desembarques a mayo: 2.329,2 toneladas (+5,5 por ciento).<\/p>\n<p>Argentina: 2.303,1 toneladas \/ Uruguay: 26,1 toneladas.<\/p>\n<ul>\n<li><strong>Besugo<\/strong><\/li>\n<\/ul>\n<figure class=\"wp-block-image\"><img decoding=\"async\" class=\"wp-image-14374\" src=\"https:\/\/www.pescare.com.ar\/wp-content\/uploads\/2017\/05\/thumb-besugo.gif\" alt=\"\" \/><\/figure>\n<p>.\u00a0<em>Resoluci\u00f3n 5\/19<\/em><\/p>\n<p>Captura Total Permisible: 3.900 toneladas.<\/p>\n<p>Reserva administrativa: hasta 400 toneladas.<\/p>\n<p>Desembarques a mayo: 1.687,5 toneladas (+4 por ciento).<\/p>\n<p>Argentina: 1.668,2 toneladas \/ Uruguay: 19,3 toneladas.<\/p>\n<ul>\n<li><strong>Pez palo<\/strong><\/li>\n<\/ul>\n<figure class=\"wp-block-image\"><img decoding=\"async\" class=\"wp-image-14373\" src=\"https:\/\/www.pescare.com.ar\/wp-content\/uploads\/2017\/05\/thumb-pez-palo.gif\" alt=\"\" \/><\/figure>\n<p><em>. Resoluci\u00f3n 4\/19<\/em><\/p>\n<p>Captura Total Permisible: 5.800 toneladas.<\/p>\n<p>Reserva administrativa: hasta 500 toneladas.<\/p>\n<p>Desembarques a mayo: 3.832,9 toneladas (+9 por ciento).<\/p>\n<p>Argentina: 3.832,9 toneladas \/ Uruguay: No declara.<\/p>\n<p>Fuente Pescare<\/p>\n<\/div>\n","protected":false},"excerpt":{"rendered":"<p>La Comisi\u00f3n T\u00e9cnica Mixta del Frente Mar\u00edtimo actualiz\u00f3 la veda de merluza y determin\u00f3 capturas totales permisibles de lenguado, besugo y pez palo. Una serie de medidas administrativas fueron adoptadas por la Comisi\u00f3n T\u00e9cnica Mixta del Frente Mar\u00edtimo (CTMFM). Las resoluciones, con impacto en la actividad de la flota local que opera en la Zona Com\u00fan de Pesca, fueron publicadas hoy en el\u00a0Bolet\u00edn Oficialargentino.En principio, mediante la Resoluci\u00f3n 6\/19, el ente mixto actualiz\u00f3 la configuraci\u00f3n de la veda de merluza para el per\u00edodo invernal. Regir\u00e1 desde el 1\u00b0 de julio hasta el 30 de septiembre inclusive. La prohibici\u00f3n del arrastre de fondo contempla los siguientes puntos: 35\u00b003\u2019S \u2013 52\u00b053\u2019W 35\u00b018\u2019S \u2013 52\u00b030\u2019W 36\u00b027\u2019S \u2013 53\u00b045\u2019W 36\u00b054\u2019S \u2013 54\u00b007\u2019W 36\u00b031\u2019S \u2013 54\u00b036\u2019W \u201cPerm\u00edtese en dicho sector la pesca de especies pel\u00e1gicas, empleando exclusivamente redes de media agua y en horario diurno\u201d, aclara la normativa. Reuni\u00f3n del Grupo de Trabajo Costero. Capturas totales permisibles Por otro lado, tras la reuni\u00f3n que mantuviera d\u00edas atr\u00e1s el Grupo de Trabajo Costero en la sede del Inidep, la Comisi\u00f3n determin\u00f3 las capturas totales permisibles 2019 de lenguado, besugo y pez palo. En todos los casos replic\u00f3 los par\u00e1metros del a\u00f1o pasado. Lenguado .\u00a0Resoluci\u00f3n 3\/19 Captura Total Permisible: 4.800 toneladas. Reserva administrativa: hasta 500 toneladas. Desembarques a mayo: 2.329,2 toneladas (+5,5 por ciento). Argentina: 2.303,1 toneladas \/ Uruguay: 26,1 toneladas. Besugo .\u00a0Resoluci\u00f3n 5\/19 Captura Total Permisible: 3.900 toneladas. Reserva administrativa: hasta 400 toneladas. Desembarques a mayo: 1.687,5 toneladas (+4 por ciento). Argentina: 1.668,2 toneladas \/ Uruguay: 19,3 toneladas. Pez palo . Resoluci\u00f3n 4\/19 Captura Total Permisible: 5.800 toneladas. Reserva administrativa: hasta 500 toneladas. Desembarques a mayo: 3.832,9 toneladas (+9 por ciento). Argentina: 3.832,9 toneladas \/ Uruguay: No declara. Fuente Pescare<\/p>\n","protected":false},"author":2,"featured_media":2183,"comment_status":"open","ping_status":"open","sticky":false,"template":"","format":"standard","meta":{"_monsterinsights_skip_tracking":false,"_monsterinsights_sitenote_active":false,"_monsterinsights_sitenote_note":"","_monsterinsights_sitenote_category":0,"neve_meta_sidebar":"","neve_meta_container":"","neve_meta_enable_content_width":"","neve_meta_content_width":0,"neve_meta_title_alignment":"","neve_meta_author_avatar":"","neve_post_elements_order":"","neve_meta_disable_header":"","neve_meta_disable_footer":"","neve_meta_disable_title":"","footnotes":""},"categories":[1],"tags":[32,87,57,58],"class_list":["post-2182","post","type-post","status-publish","format-standard","has-post-thumbnail","hentry","category-noticias","tag-capeca","tag-industria-pesquera","tag-pesca","tag-pesca-argentina"],"yoast_head":"<!-- This site is optimized with the Yoast SEO plugin v24.1 - https:\/\/yoast.com\/wordpress\/plugins\/seo\/ -->\n<title>Fijan diversas medidas de administraci\u00f3n para la Zona Com\u00fan de Pesca - C.A.Pe.C.A.<\/title>\n<meta name=\"robots\" content=\"index, follow, max-snippet:-1, max-image-preview:large, max-video-preview:-1\" \/>\n<link rel=\"canonical\" href=\"https:\/\/www.capeca.org.ar\/index.php\/2019\/06\/27\/fijan-diversas-medidas-de-administracion-para-la-zona-comun-de-pesca\/\" \/>\n<meta property=\"og:locale\" content=\"es_ES\" \/>\n<meta property=\"og:type\" content=\"article\" \/>\n<meta property=\"og:title\" content=\"Fijan diversas medidas de administraci\u00f3n para la Zona Com\u00fan de Pesca - C.A.Pe.C.A.\" \/>\n<meta property=\"og:description\" content=\"La Comisi\u00f3n T\u00e9cnica Mixta del Frente Mar\u00edtimo actualiz\u00f3 la veda de merluza y determin\u00f3 capturas totales permisibles de lenguado, besugo y pez palo. Una serie de medidas administrativas fueron adoptadas por la Comisi\u00f3n T\u00e9cnica Mixta del Frente Mar\u00edtimo (CTMFM). Las resoluciones, con impacto en la actividad de la flota local que opera en la Zona Com\u00fan de Pesca, fueron publicadas hoy en el\u00a0Bolet\u00edn Oficialargentino.En principio, mediante la Resoluci\u00f3n 6\/19, el ente mixto actualiz\u00f3 la configuraci\u00f3n de la veda de merluza para el per\u00edodo invernal. Regir\u00e1 desde el 1\u00b0 de julio hasta el 30 de septiembre inclusive. La prohibici\u00f3n del arrastre de fondo contempla los siguientes puntos: 35\u00b003\u2019S \u2013 52\u00b053\u2019W 35\u00b018\u2019S \u2013 52\u00b030\u2019W 36\u00b027\u2019S \u2013 53\u00b045\u2019W 36\u00b054\u2019S \u2013 54\u00b007\u2019W 36\u00b031\u2019S \u2013 54\u00b036\u2019W \u201cPerm\u00edtese en dicho sector la pesca de especies pel\u00e1gicas, empleando exclusivamente redes de media agua y en horario diurno\u201d, aclara la normativa. Reuni\u00f3n del Grupo de Trabajo Costero. Capturas totales permisibles Por otro lado, tras la reuni\u00f3n que mantuviera d\u00edas atr\u00e1s el Grupo de Trabajo Costero en la sede del Inidep, la Comisi\u00f3n determin\u00f3 las capturas totales permisibles 2019 de lenguado, besugo y pez palo. En todos los casos replic\u00f3 los par\u00e1metros del a\u00f1o pasado. Lenguado .\u00a0Resoluci\u00f3n 3\/19 Captura Total Permisible: 4.800 toneladas. Reserva administrativa: hasta 500 toneladas. Desembarques a mayo: 2.329,2 toneladas (+5,5 por ciento). Argentina: 2.303,1 toneladas \/ Uruguay: 26,1 toneladas. Besugo .\u00a0Resoluci\u00f3n 5\/19 Captura Total Permisible: 3.900 toneladas. Reserva administrativa: hasta 400 toneladas. Desembarques a mayo: 1.687,5 toneladas (+4 por ciento). Argentina: 1.668,2 toneladas \/ Uruguay: 19,3 toneladas. Pez palo . Resoluci\u00f3n 4\/19 Captura Total Permisible: 5.800 toneladas. Reserva administrativa: hasta 500 toneladas. Desembarques a mayo: 3.832,9 toneladas (+9 por ciento). Argentina: 3.832,9 toneladas \/ Uruguay: No declara. Fuente Pescare\" \/>\n<meta property=\"og:url\" content=\"https:\/\/www.capeca.org.ar\/index.php\/2019\/06\/27\/fijan-diversas-medidas-de-administracion-para-la-zona-comun-de-pesca\/\" \/>\n<meta property=\"og:site_name\" content=\"C.A.Pe.C.A.\" \/>\n<meta property=\"article:published_time\" content=\"2019-06-27T14:46:43+00:00\" \/>\n<meta property=\"article:modified_time\" content=\"2019-06-27T14:46:56+00:00\" \/>\n<meta property=\"og:image\" content=\"https:\/\/www.capeca.org.ar\/wp\/wp-content\/uploads\/2019\/06\/IMG_20190627_103900_766.jpg\" \/>\n\t<meta property=\"og:image:width\" content=\"992\" \/>\n\t<meta property=\"og:image:height\" content=\"519\" \/>\n\t<meta property=\"og:image:type\" content=\"image\/jpeg\" \/>\n<meta name=\"author\" content=\"CAPeCA\" \/>\n<meta name=\"twitter:card\" content=\"summary_large_image\" \/>\n<meta name=\"twitter:label1\" content=\"Escrito por\" \/>\n\t<meta name=\"twitter:data1\" content=\"CAPeCA\" \/>\n\t<meta name=\"twitter:label2\" content=\"Tiempo de lectura\" \/>\n\t<meta name=\"twitter:data2\" content=\"1 minuto\" \/>\n<script type=\"application\/ld+json\" class=\"yoast-schema-graph\">{\"@context\":\"https:\/\/schema.org\",\"@graph\":[{\"@type\":\"WebPage\",\"@id\":\"https:\/\/www.capeca.org.ar\/index.php\/2019\/06\/27\/fijan-diversas-medidas-de-administracion-para-la-zona-comun-de-pesca\/\",\"url\":\"https:\/\/www.capeca.org.ar\/index.php\/2019\/06\/27\/fijan-diversas-medidas-de-administracion-para-la-zona-comun-de-pesca\/\",\"name\":\"Fijan diversas medidas de administraci\u00f3n para la Zona Com\u00fan de Pesca - C.A.Pe.C.A.\",\"isPartOf\":{\"@id\":\"https:\/\/www.capeca.org.ar\/#website\"},\"primaryImageOfPage\":{\"@id\":\"https:\/\/www.capeca.org.ar\/index.php\/2019\/06\/27\/fijan-diversas-medidas-de-administracion-para-la-zona-comun-de-pesca\/#primaryimage\"},\"image\":{\"@id\":\"https:\/\/www.capeca.org.ar\/index.php\/2019\/06\/27\/fijan-diversas-medidas-de-administracion-para-la-zona-comun-de-pesca\/#primaryimage\"},\"thumbnailUrl\":\"https:\/\/www.capeca.org.ar\/wp\/wp-content\/uploads\/2019\/06\/IMG_20190627_103900_766.jpg\",\"datePublished\":\"2019-06-27T14:46:43+00:00\",\"dateModified\":\"2019-06-27T14:46:56+00:00\",\"author\":{\"@id\":\"https:\/\/www.capeca.org.ar\/#\/schema\/person\/43dc64f7ef5c0482f883f13c92a1b947\"},\"breadcrumb\":{\"@id\":\"https:\/\/www.capeca.org.ar\/index.php\/2019\/06\/27\/fijan-diversas-medidas-de-administracion-para-la-zona-comun-de-pesca\/#breadcrumb\"},\"inLanguage\":\"es\",\"potentialAction\":[{\"@type\":\"ReadAction\",\"target\":[\"https:\/\/www.capeca.org.ar\/index.php\/2019\/06\/27\/fijan-diversas-medidas-de-administracion-para-la-zona-comun-de-pesca\/\"]}]},{\"@type\":\"ImageObject\",\"inLanguage\":\"es\",\"@id\":\"https:\/\/www.capeca.org.ar\/index.php\/2019\/06\/27\/fijan-diversas-medidas-de-administracion-para-la-zona-comun-de-pesca\/#primaryimage\",\"url\":\"https:\/\/www.capeca.org.ar\/wp\/wp-content\/uploads\/2019\/06\/IMG_20190627_103900_766.jpg\",\"contentUrl\":\"https:\/\/www.capeca.org.ar\/wp\/wp-content\/uploads\/2019\/06\/IMG_20190627_103900_766.jpg\",\"width\":992,\"height\":519},{\"@type\":\"BreadcrumbList\",\"@id\":\"https:\/\/www.capeca.org.ar\/index.php\/2019\/06\/27\/fijan-diversas-medidas-de-administracion-para-la-zona-comun-de-pesca\/#breadcrumb\",\"itemListElement\":[{\"@type\":\"ListItem\",\"position\":1,\"name\":\"Portada\",\"item\":\"https:\/\/www.capeca.org.ar\/\"},{\"@type\":\"ListItem\",\"position\":2,\"name\":\"Fijan diversas medidas de administraci\u00f3n para la Zona Com\u00fan de Pesca\"}]},{\"@type\":\"WebSite\",\"@id\":\"https:\/\/www.capeca.org.ar\/#website\",\"url\":\"https:\/\/www.capeca.org.ar\/\",\"name\":\"C.A.Pe.C.A.\",\"description\":\"C\u00e1mara de Armadores de Pesqueros y Congeladores de la Argentina\",\"potentialAction\":[{\"@type\":\"SearchAction\",\"target\":{\"@type\":\"EntryPoint\",\"urlTemplate\":\"https:\/\/www.capeca.org.ar\/?s={search_term_string}\"},\"query-input\":{\"@type\":\"PropertyValueSpecification\",\"valueRequired\":true,\"valueName\":\"search_term_string\"}}],\"inLanguage\":\"es\"},{\"@type\":\"Person\",\"@id\":\"https:\/\/www.capeca.org.ar\/#\/schema\/person\/43dc64f7ef5c0482f883f13c92a1b947\",\"name\":\"CAPeCA\",\"image\":{\"@type\":\"ImageObject\",\"inLanguage\":\"es\",\"@id\":\"https:\/\/www.capeca.org.ar\/#\/schema\/person\/image\/\",\"url\":\"https:\/\/secure.gravatar.com\/avatar\/236a623f39daa823cf184d241dcde1ff?s=96&d=mm&r=g\",\"contentUrl\":\"https:\/\/secure.gravatar.com\/avatar\/236a623f39daa823cf184d241dcde1ff?s=96&d=mm&r=g\",\"caption\":\"CAPeCA\"},\"url\":\"https:\/\/www.capeca.org.ar\/index.php\/author\/capeca\/\"}]}<\/script>\n<!-- \/ Yoast SEO plugin. -->","yoast_head_json":{"title":"Fijan diversas medidas de administraci\u00f3n para la Zona Com\u00fan de Pesca - C.A.Pe.C.A.","robots":{"index":"index","follow":"follow","max-snippet":"max-snippet:-1","max-image-preview":"max-image-preview:large","max-video-preview":"max-video-preview:-1"},"canonical":"https:\/\/www.capeca.org.ar\/index.php\/2019\/06\/27\/fijan-diversas-medidas-de-administracion-para-la-zona-comun-de-pesca\/","og_locale":"es_ES","og_type":"article","og_title":"Fijan diversas medidas de administraci\u00f3n para la Zona Com\u00fan de Pesca - C.A.Pe.C.A.","og_description":"La Comisi\u00f3n T\u00e9cnica Mixta del Frente Mar\u00edtimo actualiz\u00f3 la veda de merluza y determin\u00f3 capturas totales permisibles de lenguado, besugo y pez palo. Una serie de medidas administrativas fueron adoptadas por la Comisi\u00f3n T\u00e9cnica Mixta del Frente Mar\u00edtimo (CTMFM). Las resoluciones, con impacto en la actividad de la flota local que opera en la Zona Com\u00fan de Pesca, fueron publicadas hoy en el\u00a0Bolet\u00edn Oficialargentino.En principio, mediante la Resoluci\u00f3n 6\/19, el ente mixto actualiz\u00f3 la configuraci\u00f3n de la veda de merluza para el per\u00edodo invernal. Regir\u00e1 desde el 1\u00b0 de julio hasta el 30 de septiembre inclusive. La prohibici\u00f3n del arrastre de fondo contempla los siguientes puntos: 35\u00b003\u2019S \u2013 52\u00b053\u2019W 35\u00b018\u2019S \u2013 52\u00b030\u2019W 36\u00b027\u2019S \u2013 53\u00b045\u2019W 36\u00b054\u2019S \u2013 54\u00b007\u2019W 36\u00b031\u2019S \u2013 54\u00b036\u2019W \u201cPerm\u00edtese en dicho sector la pesca de especies pel\u00e1gicas, empleando exclusivamente redes de media agua y en horario diurno\u201d, aclara la normativa. Reuni\u00f3n del Grupo de Trabajo Costero. Capturas totales permisibles Por otro lado, tras la reuni\u00f3n que mantuviera d\u00edas atr\u00e1s el Grupo de Trabajo Costero en la sede del Inidep, la Comisi\u00f3n determin\u00f3 las capturas totales permisibles 2019 de lenguado, besugo y pez palo. En todos los casos replic\u00f3 los par\u00e1metros del a\u00f1o pasado. Lenguado .\u00a0Resoluci\u00f3n 3\/19 Captura Total Permisible: 4.800 toneladas. Reserva administrativa: hasta 500 toneladas. Desembarques a mayo: 2.329,2 toneladas (+5,5 por ciento). Argentina: 2.303,1 toneladas \/ Uruguay: 26,1 toneladas. Besugo .\u00a0Resoluci\u00f3n 5\/19 Captura Total Permisible: 3.900 toneladas. Reserva administrativa: hasta 400 toneladas. Desembarques a mayo: 1.687,5 toneladas (+4 por ciento). Argentina: 1.668,2 toneladas \/ Uruguay: 19,3 toneladas. Pez palo . Resoluci\u00f3n 4\/19 Captura Total Permisible: 5.800 toneladas. Reserva administrativa: hasta 500 toneladas. Desembarques a mayo: 3.832,9 toneladas (+9 por ciento). Argentina: 3.832,9 toneladas \/ Uruguay: No declara. Fuente Pescare","og_url":"https:\/\/www.capeca.org.ar\/index.php\/2019\/06\/27\/fijan-diversas-medidas-de-administracion-para-la-zona-comun-de-pesca\/","og_site_name":"C.A.Pe.C.A.","article_published_time":"2019-06-27T14:46:43+00:00","article_modified_time":"2019-06-27T14:46:56+00:00","og_image":[{"width":992,"height":519,"url":"https:\/\/www.capeca.org.ar\/wp\/wp-content\/uploads\/2019\/06\/IMG_20190627_103900_766.jpg","type":"image\/jpeg"}],"author":"CAPeCA","twitter_card":"summary_large_image","twitter_misc":{"Escrito por":"CAPeCA","Tiempo de lectura":"1 minuto"},"schema":{"@context":"https:\/\/schema.org","@graph":[{"@type":"WebPage","@id":"https:\/\/www.capeca.org.ar\/index.php\/2019\/06\/27\/fijan-diversas-medidas-de-administracion-para-la-zona-comun-de-pesca\/","url":"https:\/\/www.capeca.org.ar\/index.php\/2019\/06\/27\/fijan-diversas-medidas-de-administracion-para-la-zona-comun-de-pesca\/","name":"Fijan diversas medidas de administraci\u00f3n para la Zona Com\u00fan de Pesca - C.A.Pe.C.A.","isPartOf":{"@id":"https:\/\/www.capeca.org.ar\/#website"},"primaryImageOfPage":{"@id":"https:\/\/www.capeca.org.ar\/index.php\/2019\/06\/27\/fijan-diversas-medidas-de-administracion-para-la-zona-comun-de-pesca\/#primaryimage"},"image":{"@id":"https:\/\/www.capeca.org.ar\/index.php\/2019\/06\/27\/fijan-diversas-medidas-de-administracion-para-la-zona-comun-de-pesca\/#primaryimage"},"thumbnailUrl":"https:\/\/www.capeca.org.ar\/wp\/wp-content\/uploads\/2019\/06\/IMG_20190627_103900_766.jpg","datePublished":"2019-06-27T14:46:43+00:00","dateModified":"2019-06-27T14:46:56+00:00","author":{"@id":"https:\/\/www.capeca.org.ar\/#\/schema\/person\/43dc64f7ef5c0482f883f13c92a1b947"},"breadcrumb":{"@id":"https:\/\/www.capeca.org.ar\/index.php\/2019\/06\/27\/fijan-diversas-medidas-de-administracion-para-la-zona-comun-de-pesca\/#breadcrumb"},"inLanguage":"es","potentialAction":[{"@type":"ReadAction","target":["https:\/\/www.capeca.org.ar\/index.php\/2019\/06\/27\/fijan-diversas-medidas-de-administracion-para-la-zona-comun-de-pesca\/"]}]},{"@type":"ImageObject","inLanguage":"es","@id":"https:\/\/www.capeca.org.ar\/index.php\/2019\/06\/27\/fijan-diversas-medidas-de-administracion-para-la-zona-comun-de-pesca\/#primaryimage","url":"https:\/\/www.capeca.org.ar\/wp\/wp-content\/uploads\/2019\/06\/IMG_20190627_103900_766.jpg","contentUrl":"https:\/\/www.capeca.org.ar\/wp\/wp-content\/uploads\/2019\/06\/IMG_20190627_103900_766.jpg","width":992,"height":519},{"@type":"BreadcrumbList","@id":"https:\/\/www.capeca.org.ar\/index.php\/2019\/06\/27\/fijan-diversas-medidas-de-administracion-para-la-zona-comun-de-pesca\/#breadcrumb","itemListElement":[{"@type":"ListItem","position":1,"name":"Portada","item":"https:\/\/www.capeca.org.ar\/"},{"@type":"ListItem","position":2,"name":"Fijan diversas medidas de administraci\u00f3n para la Zona Com\u00fan de Pesca"}]},{"@type":"WebSite","@id":"https:\/\/www.capeca.org.ar\/#website","url":"https:\/\/www.capeca.org.ar\/","name":"C.A.Pe.C.A.","description":"C\u00e1mara de Armadores de Pesqueros y Congeladores de la Argentina","potentialAction":[{"@type":"SearchAction","target":{"@type":"EntryPoint","urlTemplate":"https:\/\/www.capeca.org.ar\/?s={search_term_string}"},"query-input":{"@type":"PropertyValueSpecification","valueRequired":true,"valueName":"search_term_string"}}],"inLanguage":"es"},{"@type":"Person","@id":"https:\/\/www.capeca.org.ar\/#\/schema\/person\/43dc64f7ef5c0482f883f13c92a1b947","name":"CAPeCA","image":{"@type":"ImageObject","inLanguage":"es","@id":"https:\/\/www.capeca.org.ar\/#\/schema\/person\/image\/","url":"https:\/\/secure.gravatar.com\/avatar\/236a623f39daa823cf184d241dcde1ff?s=96&d=mm&r=g","contentUrl":"https:\/\/secure.gravatar.com\/avatar\/236a623f39daa823cf184d241dcde1ff?s=96&d=mm&r=g","caption":"CAPeCA"},"url":"https:\/\/www.capeca.org.ar\/index.php\/author\/capeca\/"}]}},"_links":{"self":[{"href":"https:\/\/www.capeca.org.ar\/index.php\/wp-json\/wp\/v2\/posts\/2182","targetHints":{"allow":["GET"]}}],"collection":[{"href":"https:\/\/www.capeca.org.ar\/index.php\/wp-json\/wp\/v2\/posts"}],"about":[{"href":"https:\/\/www.capeca.org.ar\/index.php\/wp-json\/wp\/v2\/types\/post"}],"author":[{"embeddable":true,"href":"https:\/\/www.capeca.org.ar\/index.php\/wp-json\/wp\/v2\/users\/2"}],"replies":[{"embeddable":true,"href":"https:\/\/www.capeca.org.ar\/index.php\/wp-json\/wp\/v2\/comments?post=2182"}],"version-history":[{"count":2,"href":"https:\/\/www.capeca.org.ar\/index.php\/wp-json\/wp\/v2\/posts\/2182\/revisions"}],"predecessor-version":[{"id":2185,"href":"https:\/\/www.capeca.org.ar\/index.php\/wp-json\/wp\/v2\/posts\/2182\/revisions\/2185"}],"wp:featuredmedia":[{"embeddable":true,"href":"https:\/\/www.capeca.org.ar\/index.php\/wp-json\/wp\/v2\/media\/2183"}],"wp:attachment":[{"href":"https:\/\/www.capeca.org.ar\/index.php\/wp-json\/wp\/v2\/media?parent=2182"}],"wp:term":[{"taxonomy":"category","embeddable":true,"href":"https:\/\/www.capeca.org.ar\/index.php\/wp-json\/wp\/v2\/categories?post=2182"},{"taxonomy":"post_tag","embeddable":true,"href":"https:\/\/www.capeca.org.ar\/index.php\/wp-json\/wp\/v2\/tags?post=2182"}],"curies":[{"name":"wp","href":"https:\/\/api.w.org\/{rel}","templated":true}]}}