{"id":2112,"date":"2019-06-05T08:40:59","date_gmt":"2019-06-05T11:40:59","guid":{"rendered":"https:\/\/www.capeca.org.ar\/?p=2112"},"modified":"2019-06-05T08:40:59","modified_gmt":"2019-06-05T11:40:59","slug":"reingreso-de-langostino-a-brasil-es-un-paso-detras-del-cual-estabamos","status":"publish","type":"post","link":"https:\/\/www.capeca.org.ar\/index.php\/2019\/06\/05\/reingreso-de-langostino-a-brasil-es-un-paso-detras-del-cual-estabamos\/","title":{"rendered":"Reingreso de langostino a Brasil: \u201cEs un paso detr\u00e1s del cual est\u00e1bamos\u201d"},"content":{"rendered":"<div class=\"hidden mobile-featured-image\"><img fetchpriority=\"high\" decoding=\"async\" class=\"attachment-post-thumbnail size-post-thumbnail wp-post-image\" src=\"https:\/\/www.pescare.com.ar\/wp-content\/uploads\/2019\/06\/langostino_cola.jpg\" sizes=\"(max-width: 1199px) 100vw, 1199px\" srcset=\"https:\/\/www.pescare.com.ar\/wp-content\/uploads\/2019\/06\/langostino_cola.jpg 1199w, https:\/\/www.pescare.com.ar\/wp-content\/uploads\/2019\/06\/langostino_cola-300x152.jpg 300w, https:\/\/www.pescare.com.ar\/wp-content\/uploads\/2019\/06\/langostino_cola-768x389.jpg 768w, https:\/\/www.pescare.com.ar\/wp-content\/uploads\/2019\/06\/langostino_cola-1024x519.jpg 1024w\" alt=\"\" width=\"1199\" height=\"608\" \/>Reingreso de langostino a Brasil: \u201cEs un paso detr\u00e1s del cual est\u00e1bamos\u201d<\/div>\n<h3 class=\"article-exerpt\">El abogado de las c\u00e1maras empresarias locales, Eduardo Sarav\u00ed, valor\u00f3 el fallo de la Justicia brasile\u00f1a y adelant\u00f3 c\u00f3mo seguir\u00e1 el proceso.<\/h3>\n<hr \/>\n<div class=\"post-text text-content\"><span class=\"wpsdc-drop-cap\">E<\/span>l fallo judicial obtenido en primera instancia que habilita el reingreso de langostino argentino a Brasil fue celebrado tanto por las autoridades del Gobierno como por el sector privado, que ve una oportunidad para ampliar con la especie la llegada a ese mercado.En particular, el representante legal de las c\u00e1maras empresarias Cepa, Capeca y Cafrexport, Eduardo Sarav\u00ed,\u00a0<strong>consider\u00f3 a la medida como un avance: \u201cEs un paso detr\u00e1s del cual est\u00e1bamos y por el que ven\u00edamos trabajando\u201d<\/strong>, le explic\u00f3 a\u00a0<em>Pescare.com.ar<\/em>.<\/p>\n<p>Parte de la estrategia incluy\u00f3 viajes y la contrataci\u00f3n de abogados en el territorio vecino: \u201cNos tomamos el trabajo de ir, hablar con los abogados de all\u00e1. De esa manera, empezamos a trabajar con el mismo estudio que logr\u00f3 abrir la importaci\u00f3n del\u00a0<em>Vannamei<\/em>, el camar\u00f3n ecuatoriano\u201d.<\/p>\n<blockquote class=\"wp-block-quote\"><p>Ver tambi\u00e9n<\/p>\n<p><cite><a href=\"https:\/\/www.pescare.com.ar\/se-reabre-el-mercado-brasileno-para-el-langostino-argentino\/\" target=\"_blank\" rel=\"noreferrer noopener\" aria-label=\"Se reabre el mercado brasile\u00f1o para el langostino argentino  (abre en una nueva pesta\u00f1a)\">Se reabre el mercado brasile\u00f1o para el langostino argentino<\/a><\/cite><\/p><\/blockquote>\n<p>Sarav\u00ed subray\u00f3 que en el caso particular argentino se trata de un fallo que desestima la pretensi\u00f3n de la Asociaci\u00f3n Brasilera de Criadores de Camarones (ABCC), la cual hab\u00eda argumentado un supuesto riesgo sanitario para impedir la importaci\u00f3n de nuestro producto.<\/p>\n<p>\u201c<strong>Lo m\u00e1s importante del fallo de primera instancia es que establece que no hay prueba cient\u00edfica sobre un riesgo sobre la salud humana, ni sobre los crust\u00e1ceos brasile\u00f1os o el medio ambiente<\/strong>\u00a0(\u2026) Ac\u00e1 no hubo un inter\u00e9s jur\u00eddico, sino solamente econ\u00f3mico\u201d, agreg\u00f3.<\/p>\n<p>En ese sentido vale recordar que el langostino patag\u00f3nico ten\u00eda adem\u00e1s un informe favorable por parte de la autoridad sanitaria brasile\u00f1a.<\/p>\n<p><strong>Siguientes pasos<\/strong><\/p>\n<p>La prohibici\u00f3n de los env\u00edos aparec\u00eda tambi\u00e9n como una medida discriminatoria que afectaba los principios establecidos por la Organizaci\u00f3n Mundial del Comercio (OMC) respecto de la igualdad y el libre flujo de mercader\u00edas.<\/p>\n<p>\u201c<strong>Esto no quiere decir que ahora la otra parte pueda apelar; pero te\u00f3ricamente se mantiene el\u00a0<em>status quo<\/em>\u00a0hasta tanto la decisi\u00f3n quede firme<\/strong>. Tengo que ver con los abogados brasile\u00f1os si esta medida (por la cautelar) la podemos hacer caer ahora independientemente del efecto con el cual se considera la aplicaci\u00f3n sobre el fondo\u201d, analiz\u00f3 Sarav\u00ed.<\/p>\n<p>Desde la Secretar\u00eda de Agroindustria ya hab\u00edan apuntado que si bien la apelaci\u00f3n por parte de la ABCC puede ser presentada dentro de los siguientes quince d\u00edas, no ser\u00e1 suficiente para prohibir la importaci\u00f3n del langostino de origen nacional.<\/p>\n<p>Fuente Revista Pescare<\/p>\n<\/div>\n","protected":false},"excerpt":{"rendered":"<p>Reingreso de langostino a Brasil: \u201cEs un paso detr\u00e1s del cual est\u00e1bamos\u201d El abogado de las c\u00e1maras empresarias locales, Eduardo Sarav\u00ed, valor\u00f3 el fallo de la Justicia brasile\u00f1a y adelant\u00f3 c\u00f3mo seguir\u00e1 el proceso. El fallo judicial obtenido en primera instancia que habilita el reingreso de langostino argentino a Brasil fue celebrado tanto por las autoridades del Gobierno como por el sector privado, que ve una oportunidad para ampliar con la especie la llegada a ese mercado.En particular, el representante legal de las c\u00e1maras empresarias Cepa, Capeca y Cafrexport, Eduardo Sarav\u00ed,\u00a0consider\u00f3 a la medida como un avance: \u201cEs un paso detr\u00e1s del cual est\u00e1bamos y por el que ven\u00edamos trabajando\u201d, le explic\u00f3 a\u00a0Pescare.com.ar. Parte de la estrategia incluy\u00f3 viajes y la contrataci\u00f3n de abogados en el territorio vecino: \u201cNos tomamos el trabajo de ir, hablar con los abogados de all\u00e1. De esa manera, empezamos a trabajar con el mismo estudio que logr\u00f3 abrir la importaci\u00f3n del\u00a0Vannamei, el camar\u00f3n ecuatoriano\u201d. Ver tambi\u00e9n Se reabre el mercado brasile\u00f1o para el langostino argentino Sarav\u00ed subray\u00f3 que en el caso particular argentino se trata de un fallo que desestima la pretensi\u00f3n de la Asociaci\u00f3n Brasilera de Criadores de Camarones (ABCC), la cual hab\u00eda argumentado un supuesto riesgo sanitario para impedir la importaci\u00f3n de nuestro producto. \u201cLo m\u00e1s importante del fallo de primera instancia es que establece que no hay prueba cient\u00edfica sobre un riesgo sobre la salud humana, ni sobre los crust\u00e1ceos brasile\u00f1os o el medio ambiente\u00a0(\u2026) Ac\u00e1 no hubo un inter\u00e9s jur\u00eddico, sino solamente econ\u00f3mico\u201d, agreg\u00f3. En ese sentido vale recordar que el langostino patag\u00f3nico ten\u00eda adem\u00e1s un informe favorable por parte de la autoridad sanitaria brasile\u00f1a. Siguientes pasos La prohibici\u00f3n de los env\u00edos aparec\u00eda tambi\u00e9n como una medida discriminatoria que afectaba los principios establecidos por la Organizaci\u00f3n Mundial del Comercio (OMC) respecto de la igualdad y el libre flujo de mercader\u00edas. \u201cEsto no quiere decir que ahora la otra parte pueda apelar; pero te\u00f3ricamente se mantiene el\u00a0status quo\u00a0hasta tanto la decisi\u00f3n quede firme. Tengo que ver con los abogados brasile\u00f1os si esta medida (por la cautelar) la podemos hacer caer ahora independientemente del efecto con el cual se considera la aplicaci\u00f3n sobre el fondo\u201d, analiz\u00f3 Sarav\u00ed. Desde la Secretar\u00eda de Agroindustria ya hab\u00edan apuntado que si bien la apelaci\u00f3n por parte de la ABCC puede ser presentada dentro de los siguientes quince d\u00edas, no ser\u00e1 suficiente para prohibir la importaci\u00f3n del langostino de origen nacional. Fuente Revista Pescare<\/p>\n","protected":false},"author":2,"featured_media":2113,"comment_status":"open","ping_status":"open","sticky":false,"template":"","format":"standard","meta":{"_monsterinsights_skip_tracking":false,"_monsterinsights_sitenote_active":false,"_monsterinsights_sitenote_note":"","_monsterinsights_sitenote_category":0,"neve_meta_sidebar":"","neve_meta_container":"","neve_meta_enable_content_width":"","neve_meta_content_width":0,"neve_meta_title_alignment":"","neve_meta_author_avatar":"","neve_post_elements_order":"","neve_meta_disable_header":"","neve_meta_disable_footer":"","neve_meta_disable_title":"","footnotes":""},"categories":[1],"tags":[76,32,34,57],"class_list":["post-2112","post","type-post","status-publish","format-standard","has-post-thumbnail","hentry","category-noticias","tag-brasil","tag-capeca","tag-langostino","tag-pesca"],"yoast_head":"<!-- This site is optimized with the Yoast SEO plugin v24.1 - https:\/\/yoast.com\/wordpress\/plugins\/seo\/ -->\n<title>Reingreso de langostino a Brasil: \u201cEs un paso detr\u00e1s del cual est\u00e1bamos\u201d - C.A.Pe.C.A.<\/title>\n<meta name=\"robots\" content=\"index, follow, max-snippet:-1, max-image-preview:large, max-video-preview:-1\" \/>\n<link rel=\"canonical\" href=\"https:\/\/www.capeca.org.ar\/index.php\/2019\/06\/05\/reingreso-de-langostino-a-brasil-es-un-paso-detras-del-cual-estabamos\/\" \/>\n<meta property=\"og:locale\" content=\"es_ES\" \/>\n<meta property=\"og:type\" content=\"article\" \/>\n<meta property=\"og:title\" content=\"Reingreso de langostino a Brasil: \u201cEs un paso detr\u00e1s del cual est\u00e1bamos\u201d - C.A.Pe.C.A.\" \/>\n<meta property=\"og:description\" content=\"Reingreso de langostino a Brasil: \u201cEs un paso detr\u00e1s del cual est\u00e1bamos\u201d El abogado de las c\u00e1maras empresarias locales, Eduardo Sarav\u00ed, valor\u00f3 el fallo de la Justicia brasile\u00f1a y adelant\u00f3 c\u00f3mo seguir\u00e1 el proceso. El fallo judicial obtenido en primera instancia que habilita el reingreso de langostino argentino a Brasil fue celebrado tanto por las autoridades del Gobierno como por el sector privado, que ve una oportunidad para ampliar con la especie la llegada a ese mercado.En particular, el representante legal de las c\u00e1maras empresarias Cepa, Capeca y Cafrexport, Eduardo Sarav\u00ed,\u00a0consider\u00f3 a la medida como un avance: \u201cEs un paso detr\u00e1s del cual est\u00e1bamos y por el que ven\u00edamos trabajando\u201d, le explic\u00f3 a\u00a0Pescare.com.ar. Parte de la estrategia incluy\u00f3 viajes y la contrataci\u00f3n de abogados en el territorio vecino: \u201cNos tomamos el trabajo de ir, hablar con los abogados de all\u00e1. De esa manera, empezamos a trabajar con el mismo estudio que logr\u00f3 abrir la importaci\u00f3n del\u00a0Vannamei, el camar\u00f3n ecuatoriano\u201d. Ver tambi\u00e9n Se reabre el mercado brasile\u00f1o para el langostino argentino Sarav\u00ed subray\u00f3 que en el caso particular argentino se trata de un fallo que desestima la pretensi\u00f3n de la Asociaci\u00f3n Brasilera de Criadores de Camarones (ABCC), la cual hab\u00eda argumentado un supuesto riesgo sanitario para impedir la importaci\u00f3n de nuestro producto. \u201cLo m\u00e1s importante del fallo de primera instancia es que establece que no hay prueba cient\u00edfica sobre un riesgo sobre la salud humana, ni sobre los crust\u00e1ceos brasile\u00f1os o el medio ambiente\u00a0(\u2026) Ac\u00e1 no hubo un inter\u00e9s jur\u00eddico, sino solamente econ\u00f3mico\u201d, agreg\u00f3. En ese sentido vale recordar que el langostino patag\u00f3nico ten\u00eda adem\u00e1s un informe favorable por parte de la autoridad sanitaria brasile\u00f1a. Siguientes pasos La prohibici\u00f3n de los env\u00edos aparec\u00eda tambi\u00e9n como una medida discriminatoria que afectaba los principios establecidos por la Organizaci\u00f3n Mundial del Comercio (OMC) respecto de la igualdad y el libre flujo de mercader\u00edas. \u201cEsto no quiere decir que ahora la otra parte pueda apelar; pero te\u00f3ricamente se mantiene el\u00a0status quo\u00a0hasta tanto la decisi\u00f3n quede firme. Tengo que ver con los abogados brasile\u00f1os si esta medida (por la cautelar) la podemos hacer caer ahora independientemente del efecto con el cual se considera la aplicaci\u00f3n sobre el fondo\u201d, analiz\u00f3 Sarav\u00ed. Desde la Secretar\u00eda de Agroindustria ya hab\u00edan apuntado que si bien la apelaci\u00f3n por parte de la ABCC puede ser presentada dentro de los siguientes quince d\u00edas, no ser\u00e1 suficiente para prohibir la importaci\u00f3n del langostino de origen nacional. Fuente Revista Pescare\" \/>\n<meta property=\"og:url\" content=\"https:\/\/www.capeca.org.ar\/index.php\/2019\/06\/05\/reingreso-de-langostino-a-brasil-es-un-paso-detras-del-cual-estabamos\/\" \/>\n<meta property=\"og:site_name\" content=\"C.A.Pe.C.A.\" \/>\n<meta property=\"article:published_time\" content=\"2019-06-05T11:40:59+00:00\" \/>\n<meta property=\"og:image\" content=\"https:\/\/www.capeca.org.ar\/wp\/wp-content\/uploads\/2019\/06\/IMG_20190605_083620_059.jpg\" \/>\n\t<meta property=\"og:image:width\" content=\"991\" \/>\n\t<meta property=\"og:image:height\" content=\"519\" \/>\n\t<meta property=\"og:image:type\" content=\"image\/jpeg\" \/>\n<meta name=\"author\" content=\"CAPeCA\" \/>\n<meta name=\"twitter:card\" content=\"summary_large_image\" \/>\n<meta name=\"twitter:label1\" content=\"Escrito por\" \/>\n\t<meta name=\"twitter:data1\" content=\"CAPeCA\" \/>\n\t<meta name=\"twitter:label2\" content=\"Tiempo de lectura\" \/>\n\t<meta name=\"twitter:data2\" content=\"2 minutos\" \/>\n<script type=\"application\/ld+json\" class=\"yoast-schema-graph\">{\"@context\":\"https:\/\/schema.org\",\"@graph\":[{\"@type\":\"WebPage\",\"@id\":\"https:\/\/www.capeca.org.ar\/index.php\/2019\/06\/05\/reingreso-de-langostino-a-brasil-es-un-paso-detras-del-cual-estabamos\/\",\"url\":\"https:\/\/www.capeca.org.ar\/index.php\/2019\/06\/05\/reingreso-de-langostino-a-brasil-es-un-paso-detras-del-cual-estabamos\/\",\"name\":\"Reingreso de langostino a Brasil: \u201cEs un paso detr\u00e1s del cual est\u00e1bamos\u201d - C.A.Pe.C.A.\",\"isPartOf\":{\"@id\":\"https:\/\/www.capeca.org.ar\/#website\"},\"primaryImageOfPage\":{\"@id\":\"https:\/\/www.capeca.org.ar\/index.php\/2019\/06\/05\/reingreso-de-langostino-a-brasil-es-un-paso-detras-del-cual-estabamos\/#primaryimage\"},\"image\":{\"@id\":\"https:\/\/www.capeca.org.ar\/index.php\/2019\/06\/05\/reingreso-de-langostino-a-brasil-es-un-paso-detras-del-cual-estabamos\/#primaryimage\"},\"thumbnailUrl\":\"https:\/\/www.capeca.org.ar\/wp\/wp-content\/uploads\/2019\/06\/IMG_20190605_083620_059.jpg\",\"datePublished\":\"2019-06-05T11:40:59+00:00\",\"dateModified\":\"2019-06-05T11:40:59+00:00\",\"author\":{\"@id\":\"https:\/\/www.capeca.org.ar\/#\/schema\/person\/43dc64f7ef5c0482f883f13c92a1b947\"},\"breadcrumb\":{\"@id\":\"https:\/\/www.capeca.org.ar\/index.php\/2019\/06\/05\/reingreso-de-langostino-a-brasil-es-un-paso-detras-del-cual-estabamos\/#breadcrumb\"},\"inLanguage\":\"es\",\"potentialAction\":[{\"@type\":\"ReadAction\",\"target\":[\"https:\/\/www.capeca.org.ar\/index.php\/2019\/06\/05\/reingreso-de-langostino-a-brasil-es-un-paso-detras-del-cual-estabamos\/\"]}]},{\"@type\":\"ImageObject\",\"inLanguage\":\"es\",\"@id\":\"https:\/\/www.capeca.org.ar\/index.php\/2019\/06\/05\/reingreso-de-langostino-a-brasil-es-un-paso-detras-del-cual-estabamos\/#primaryimage\",\"url\":\"https:\/\/www.capeca.org.ar\/wp\/wp-content\/uploads\/2019\/06\/IMG_20190605_083620_059.jpg\",\"contentUrl\":\"https:\/\/www.capeca.org.ar\/wp\/wp-content\/uploads\/2019\/06\/IMG_20190605_083620_059.jpg\",\"width\":991,\"height\":519},{\"@type\":\"BreadcrumbList\",\"@id\":\"https:\/\/www.capeca.org.ar\/index.php\/2019\/06\/05\/reingreso-de-langostino-a-brasil-es-un-paso-detras-del-cual-estabamos\/#breadcrumb\",\"itemListElement\":[{\"@type\":\"ListItem\",\"position\":1,\"name\":\"Portada\",\"item\":\"https:\/\/www.capeca.org.ar\/\"},{\"@type\":\"ListItem\",\"position\":2,\"name\":\"Reingreso de langostino a Brasil: \u201cEs un paso detr\u00e1s del cual est\u00e1bamos\u201d\"}]},{\"@type\":\"WebSite\",\"@id\":\"https:\/\/www.capeca.org.ar\/#website\",\"url\":\"https:\/\/www.capeca.org.ar\/\",\"name\":\"C.A.Pe.C.A.\",\"description\":\"C\u00e1mara de Armadores de Pesqueros y Congeladores de la Argentina\",\"potentialAction\":[{\"@type\":\"SearchAction\",\"target\":{\"@type\":\"EntryPoint\",\"urlTemplate\":\"https:\/\/www.capeca.org.ar\/?s={search_term_string}\"},\"query-input\":{\"@type\":\"PropertyValueSpecification\",\"valueRequired\":true,\"valueName\":\"search_term_string\"}}],\"inLanguage\":\"es\"},{\"@type\":\"Person\",\"@id\":\"https:\/\/www.capeca.org.ar\/#\/schema\/person\/43dc64f7ef5c0482f883f13c92a1b947\",\"name\":\"CAPeCA\",\"image\":{\"@type\":\"ImageObject\",\"inLanguage\":\"es\",\"@id\":\"https:\/\/www.capeca.org.ar\/#\/schema\/person\/image\/\",\"url\":\"https:\/\/secure.gravatar.com\/avatar\/236a623f39daa823cf184d241dcde1ff?s=96&d=mm&r=g\",\"contentUrl\":\"https:\/\/secure.gravatar.com\/avatar\/236a623f39daa823cf184d241dcde1ff?s=96&d=mm&r=g\",\"caption\":\"CAPeCA\"},\"url\":\"https:\/\/www.capeca.org.ar\/index.php\/author\/capeca\/\"}]}<\/script>\n<!-- \/ Yoast SEO plugin. -->","yoast_head_json":{"title":"Reingreso de langostino a Brasil: \u201cEs un paso detr\u00e1s del cual est\u00e1bamos\u201d - C.A.Pe.C.A.","robots":{"index":"index","follow":"follow","max-snippet":"max-snippet:-1","max-image-preview":"max-image-preview:large","max-video-preview":"max-video-preview:-1"},"canonical":"https:\/\/www.capeca.org.ar\/index.php\/2019\/06\/05\/reingreso-de-langostino-a-brasil-es-un-paso-detras-del-cual-estabamos\/","og_locale":"es_ES","og_type":"article","og_title":"Reingreso de langostino a Brasil: \u201cEs un paso detr\u00e1s del cual est\u00e1bamos\u201d - C.A.Pe.C.A.","og_description":"Reingreso de langostino a Brasil: \u201cEs un paso detr\u00e1s del cual est\u00e1bamos\u201d El abogado de las c\u00e1maras empresarias locales, Eduardo Sarav\u00ed, valor\u00f3 el fallo de la Justicia brasile\u00f1a y adelant\u00f3 c\u00f3mo seguir\u00e1 el proceso. El fallo judicial obtenido en primera instancia que habilita el reingreso de langostino argentino a Brasil fue celebrado tanto por las autoridades del Gobierno como por el sector privado, que ve una oportunidad para ampliar con la especie la llegada a ese mercado.En particular, el representante legal de las c\u00e1maras empresarias Cepa, Capeca y Cafrexport, Eduardo Sarav\u00ed,\u00a0consider\u00f3 a la medida como un avance: \u201cEs un paso detr\u00e1s del cual est\u00e1bamos y por el que ven\u00edamos trabajando\u201d, le explic\u00f3 a\u00a0Pescare.com.ar. Parte de la estrategia incluy\u00f3 viajes y la contrataci\u00f3n de abogados en el territorio vecino: \u201cNos tomamos el trabajo de ir, hablar con los abogados de all\u00e1. De esa manera, empezamos a trabajar con el mismo estudio que logr\u00f3 abrir la importaci\u00f3n del\u00a0Vannamei, el camar\u00f3n ecuatoriano\u201d. Ver tambi\u00e9n Se reabre el mercado brasile\u00f1o para el langostino argentino Sarav\u00ed subray\u00f3 que en el caso particular argentino se trata de un fallo que desestima la pretensi\u00f3n de la Asociaci\u00f3n Brasilera de Criadores de Camarones (ABCC), la cual hab\u00eda argumentado un supuesto riesgo sanitario para impedir la importaci\u00f3n de nuestro producto. \u201cLo m\u00e1s importante del fallo de primera instancia es que establece que no hay prueba cient\u00edfica sobre un riesgo sobre la salud humana, ni sobre los crust\u00e1ceos brasile\u00f1os o el medio ambiente\u00a0(\u2026) Ac\u00e1 no hubo un inter\u00e9s jur\u00eddico, sino solamente econ\u00f3mico\u201d, agreg\u00f3. En ese sentido vale recordar que el langostino patag\u00f3nico ten\u00eda adem\u00e1s un informe favorable por parte de la autoridad sanitaria brasile\u00f1a. Siguientes pasos La prohibici\u00f3n de los env\u00edos aparec\u00eda tambi\u00e9n como una medida discriminatoria que afectaba los principios establecidos por la Organizaci\u00f3n Mundial del Comercio (OMC) respecto de la igualdad y el libre flujo de mercader\u00edas. \u201cEsto no quiere decir que ahora la otra parte pueda apelar; pero te\u00f3ricamente se mantiene el\u00a0status quo\u00a0hasta tanto la decisi\u00f3n quede firme. Tengo que ver con los abogados brasile\u00f1os si esta medida (por la cautelar) la podemos hacer caer ahora independientemente del efecto con el cual se considera la aplicaci\u00f3n sobre el fondo\u201d, analiz\u00f3 Sarav\u00ed. Desde la Secretar\u00eda de Agroindustria ya hab\u00edan apuntado que si bien la apelaci\u00f3n por parte de la ABCC puede ser presentada dentro de los siguientes quince d\u00edas, no ser\u00e1 suficiente para prohibir la importaci\u00f3n del langostino de origen nacional. Fuente Revista Pescare","og_url":"https:\/\/www.capeca.org.ar\/index.php\/2019\/06\/05\/reingreso-de-langostino-a-brasil-es-un-paso-detras-del-cual-estabamos\/","og_site_name":"C.A.Pe.C.A.","article_published_time":"2019-06-05T11:40:59+00:00","og_image":[{"width":991,"height":519,"url":"https:\/\/www.capeca.org.ar\/wp\/wp-content\/uploads\/2019\/06\/IMG_20190605_083620_059.jpg","type":"image\/jpeg"}],"author":"CAPeCA","twitter_card":"summary_large_image","twitter_misc":{"Escrito por":"CAPeCA","Tiempo de lectura":"2 minutos"},"schema":{"@context":"https:\/\/schema.org","@graph":[{"@type":"WebPage","@id":"https:\/\/www.capeca.org.ar\/index.php\/2019\/06\/05\/reingreso-de-langostino-a-brasil-es-un-paso-detras-del-cual-estabamos\/","url":"https:\/\/www.capeca.org.ar\/index.php\/2019\/06\/05\/reingreso-de-langostino-a-brasil-es-un-paso-detras-del-cual-estabamos\/","name":"Reingreso de langostino a Brasil: \u201cEs un paso detr\u00e1s del cual est\u00e1bamos\u201d - C.A.Pe.C.A.","isPartOf":{"@id":"https:\/\/www.capeca.org.ar\/#website"},"primaryImageOfPage":{"@id":"https:\/\/www.capeca.org.ar\/index.php\/2019\/06\/05\/reingreso-de-langostino-a-brasil-es-un-paso-detras-del-cual-estabamos\/#primaryimage"},"image":{"@id":"https:\/\/www.capeca.org.ar\/index.php\/2019\/06\/05\/reingreso-de-langostino-a-brasil-es-un-paso-detras-del-cual-estabamos\/#primaryimage"},"thumbnailUrl":"https:\/\/www.capeca.org.ar\/wp\/wp-content\/uploads\/2019\/06\/IMG_20190605_083620_059.jpg","datePublished":"2019-06-05T11:40:59+00:00","dateModified":"2019-06-05T11:40:59+00:00","author":{"@id":"https:\/\/www.capeca.org.ar\/#\/schema\/person\/43dc64f7ef5c0482f883f13c92a1b947"},"breadcrumb":{"@id":"https:\/\/www.capeca.org.ar\/index.php\/2019\/06\/05\/reingreso-de-langostino-a-brasil-es-un-paso-detras-del-cual-estabamos\/#breadcrumb"},"inLanguage":"es","potentialAction":[{"@type":"ReadAction","target":["https:\/\/www.capeca.org.ar\/index.php\/2019\/06\/05\/reingreso-de-langostino-a-brasil-es-un-paso-detras-del-cual-estabamos\/"]}]},{"@type":"ImageObject","inLanguage":"es","@id":"https:\/\/www.capeca.org.ar\/index.php\/2019\/06\/05\/reingreso-de-langostino-a-brasil-es-un-paso-detras-del-cual-estabamos\/#primaryimage","url":"https:\/\/www.capeca.org.ar\/wp\/wp-content\/uploads\/2019\/06\/IMG_20190605_083620_059.jpg","contentUrl":"https:\/\/www.capeca.org.ar\/wp\/wp-content\/uploads\/2019\/06\/IMG_20190605_083620_059.jpg","width":991,"height":519},{"@type":"BreadcrumbList","@id":"https:\/\/www.capeca.org.ar\/index.php\/2019\/06\/05\/reingreso-de-langostino-a-brasil-es-un-paso-detras-del-cual-estabamos\/#breadcrumb","itemListElement":[{"@type":"ListItem","position":1,"name":"Portada","item":"https:\/\/www.capeca.org.ar\/"},{"@type":"ListItem","position":2,"name":"Reingreso de langostino a Brasil: \u201cEs un paso detr\u00e1s del cual est\u00e1bamos\u201d"}]},{"@type":"WebSite","@id":"https:\/\/www.capeca.org.ar\/#website","url":"https:\/\/www.capeca.org.ar\/","name":"C.A.Pe.C.A.","description":"C\u00e1mara de Armadores de Pesqueros y Congeladores de la Argentina","potentialAction":[{"@type":"SearchAction","target":{"@type":"EntryPoint","urlTemplate":"https:\/\/www.capeca.org.ar\/?s={search_term_string}"},"query-input":{"@type":"PropertyValueSpecification","valueRequired":true,"valueName":"search_term_string"}}],"inLanguage":"es"},{"@type":"Person","@id":"https:\/\/www.capeca.org.ar\/#\/schema\/person\/43dc64f7ef5c0482f883f13c92a1b947","name":"CAPeCA","image":{"@type":"ImageObject","inLanguage":"es","@id":"https:\/\/www.capeca.org.ar\/#\/schema\/person\/image\/","url":"https:\/\/secure.gravatar.com\/avatar\/236a623f39daa823cf184d241dcde1ff?s=96&d=mm&r=g","contentUrl":"https:\/\/secure.gravatar.com\/avatar\/236a623f39daa823cf184d241dcde1ff?s=96&d=mm&r=g","caption":"CAPeCA"},"url":"https:\/\/www.capeca.org.ar\/index.php\/author\/capeca\/"}]}},"_links":{"self":[{"href":"https:\/\/www.capeca.org.ar\/index.php\/wp-json\/wp\/v2\/posts\/2112","targetHints":{"allow":["GET"]}}],"collection":[{"href":"https:\/\/www.capeca.org.ar\/index.php\/wp-json\/wp\/v2\/posts"}],"about":[{"href":"https:\/\/www.capeca.org.ar\/index.php\/wp-json\/wp\/v2\/types\/post"}],"author":[{"embeddable":true,"href":"https:\/\/www.capeca.org.ar\/index.php\/wp-json\/wp\/v2\/users\/2"}],"replies":[{"embeddable":true,"href":"https:\/\/www.capeca.org.ar\/index.php\/wp-json\/wp\/v2\/comments?post=2112"}],"version-history":[{"count":1,"href":"https:\/\/www.capeca.org.ar\/index.php\/wp-json\/wp\/v2\/posts\/2112\/revisions"}],"predecessor-version":[{"id":2114,"href":"https:\/\/www.capeca.org.ar\/index.php\/wp-json\/wp\/v2\/posts\/2112\/revisions\/2114"}],"wp:featuredmedia":[{"embeddable":true,"href":"https:\/\/www.capeca.org.ar\/index.php\/wp-json\/wp\/v2\/media\/2113"}],"wp:attachment":[{"href":"https:\/\/www.capeca.org.ar\/index.php\/wp-json\/wp\/v2\/media?parent=2112"}],"wp:term":[{"taxonomy":"category","embeddable":true,"href":"https:\/\/www.capeca.org.ar\/index.php\/wp-json\/wp\/v2\/categories?post=2112"},{"taxonomy":"post_tag","embeddable":true,"href":"https:\/\/www.capeca.org.ar\/index.php\/wp-json\/wp\/v2\/tags?post=2112"}],"curies":[{"name":"wp","href":"https:\/\/api.w.org\/{rel}","templated":true}]}}