{"id":2096,"date":"2019-06-01T14:20:05","date_gmt":"2019-06-01T17:20:05","guid":{"rendered":"https:\/\/www.capeca.org.ar\/?p=2096"},"modified":"2019-06-01T14:20:05","modified_gmt":"2019-06-01T17:20:05","slug":"capeca-participo-en-la-jornada-multisectorial-para-el-abordaje-de-las-pesquerias-en-un-contexto-de-cambio-climatico","status":"publish","type":"post","link":"https:\/\/www.capeca.org.ar\/index.php\/2019\/06\/01\/capeca-participo-en-la-jornada-multisectorial-para-el-abordaje-de-las-pesquerias-en-un-contexto-de-cambio-climatico\/","title":{"rendered":"CAPeCA particip\u00f3 en la jornada multisectorial para el abordaje de las pesquer\u00edas en un contexto de Cambio Clim\u00e1tico"},"content":{"rendered":"<p>Presentaci\u00f3n del Avance del Informe del estado del conocimiento sobre el cambio clim\u00e1tico en el Oc\u00e9ano Atl\u00e1ntico Sudoccidental y sus implicancias sobre las pesquer\u00edas en Argentina.<\/p>\n<p>La Secretar\u00eda de Gobierno de Agroindustria, a trav\u00e9s de la Subsecretar\u00eda de Pesca y Acuicultura, encabez\u00f3 un encuentro de intercambio multisectorial para el abordaje de tem\u00e1ticas vinculadas al cambio clim\u00e1tico y sus implicancias en las pesquer\u00edas nacionales con abordaje cient\u00edfico-t\u00e9cnico que permita la toma de decisiones en diferentes niveles.<\/p>\n<p>Durante la jornada se trataron los primeros borradores del trabajo que se viene realizando en el marco del Grupo de Cambio Clim\u00e1tico en el Atl\u00e1ntico Sur de Iniciativa Pampa Azul, actualmente coordinado por la Direcci\u00f3n Nacional de Producciones Sostenibles de la Secretar\u00eda de Agricultura, Ganader\u00eda y Pesca de la cartera Agroindustrial, con la supervisi\u00f3n t\u00e9cnica del Instituto Nacional de Investigaci\u00f3n y Desarrollo Pesquero (INIDEP). El subsecretario de Pesca y Acuicultura de la Naci\u00f3n, Juan Bosch, destac\u00f3 en la apertura que \u00abArgentina participa permanentemente en foros mundiales donde se discuten temas de este nivel de importancia y por eso el valor de conformar este equipo para generar informaci\u00f3n con s\u00f3lida base t\u00e9cnico-cient\u00edfica para las pol\u00edticas a largo plazo\u00bb. Bosch subray\u00f3 que \u00abel debate y el an\u00e1lisis nos permitir\u00e1 estar preparados para las variaciones en nuestro mar y generar pol\u00edticas con visi\u00f3n ecosist\u00e9mica en conjunto entre la parte cient\u00edfica, el Estado y los armadores\u00bb. Y agreg\u00f3: \u00abNuestro potencial se hizo posible en la plataforma extendida hasta la milla 350, y ahora vamos por la 201 con una mirada estrat\u00e9gica, esto gracias a la base cient\u00edfica.<\/p>\n","protected":false},"excerpt":{"rendered":"<p>Presentaci\u00f3n del Avance del Informe del estado del conocimiento sobre el cambio clim\u00e1tico en el Oc\u00e9ano Atl\u00e1ntico Sudoccidental y sus implicancias sobre las pesquer\u00edas en Argentina. La Secretar\u00eda de Gobierno de Agroindustria, a trav\u00e9s de la Subsecretar\u00eda de Pesca y Acuicultura, encabez\u00f3 un encuentro de intercambio multisectorial para el abordaje de tem\u00e1ticas vinculadas al cambio clim\u00e1tico y sus implicancias en las pesquer\u00edas nacionales con abordaje cient\u00edfico-t\u00e9cnico que permita la toma de decisiones en diferentes niveles. Durante la jornada se trataron los primeros borradores del trabajo que se viene realizando en el marco del Grupo de Cambio Clim\u00e1tico en el Atl\u00e1ntico Sur de Iniciativa Pampa Azul, actualmente coordinado por la Direcci\u00f3n Nacional de Producciones Sostenibles de la Secretar\u00eda de Agricultura, Ganader\u00eda y Pesca de la cartera Agroindustrial, con la supervisi\u00f3n t\u00e9cnica del Instituto Nacional de Investigaci\u00f3n y Desarrollo Pesquero (INIDEP). El subsecretario de Pesca y Acuicultura de la Naci\u00f3n, Juan Bosch, destac\u00f3 en la apertura que \u00abArgentina participa permanentemente en foros mundiales donde se discuten temas de este nivel de importancia y por eso el valor de conformar este equipo para generar informaci\u00f3n con s\u00f3lida base t\u00e9cnico-cient\u00edfica para las pol\u00edticas a largo plazo\u00bb. Bosch subray\u00f3 que \u00abel debate y el an\u00e1lisis nos permitir\u00e1 estar preparados para las variaciones en nuestro mar y generar pol\u00edticas con visi\u00f3n ecosist\u00e9mica en conjunto entre la parte cient\u00edfica, el Estado y los armadores\u00bb. Y agreg\u00f3: \u00abNuestro potencial se hizo posible en la plataforma extendida hasta la milla 350, y ahora vamos por la 201 con una mirada estrat\u00e9gica, esto gracias a la base cient\u00edfica.<\/p>\n","protected":false},"author":2,"featured_media":2097,"comment_status":"open","ping_status":"open","sticky":false,"template":"","format":"standard","meta":{"_monsterinsights_skip_tracking":false,"_monsterinsights_sitenote_active":false,"_monsterinsights_sitenote_note":"","_monsterinsights_sitenote_category":0,"neve_meta_sidebar":"","neve_meta_container":"","neve_meta_enable_content_width":"","neve_meta_content_width":0,"neve_meta_title_alignment":"","neve_meta_author_avatar":"","neve_post_elements_order":"","neve_meta_disable_header":"","neve_meta_disable_footer":"","neve_meta_disable_title":"","footnotes":""},"categories":[1],"tags":[110,32,57],"class_list":["post-2096","post","type-post","status-publish","format-standard","has-post-thumbnail","hentry","category-noticias","tag-cambio-climatico","tag-capeca","tag-pesca"],"yoast_head":"<!-- This site is optimized with the Yoast SEO plugin v24.1 - https:\/\/yoast.com\/wordpress\/plugins\/seo\/ -->\n<title>CAPeCA particip\u00f3 en la jornada multisectorial para el abordaje de las pesquer\u00edas en un contexto de Cambio Clim\u00e1tico - C.A.Pe.C.A.<\/title>\n<meta name=\"robots\" content=\"index, follow, max-snippet:-1, max-image-preview:large, max-video-preview:-1\" \/>\n<link rel=\"canonical\" href=\"https:\/\/www.capeca.org.ar\/index.php\/2019\/06\/01\/capeca-participo-en-la-jornada-multisectorial-para-el-abordaje-de-las-pesquerias-en-un-contexto-de-cambio-climatico\/\" \/>\n<meta property=\"og:locale\" content=\"es_ES\" \/>\n<meta property=\"og:type\" content=\"article\" \/>\n<meta property=\"og:title\" content=\"CAPeCA particip\u00f3 en la jornada multisectorial para el abordaje de las pesquer\u00edas en un contexto de Cambio Clim\u00e1tico - C.A.Pe.C.A.\" \/>\n<meta property=\"og:description\" content=\"Presentaci\u00f3n del Avance del Informe del estado del conocimiento sobre el cambio clim\u00e1tico en el Oc\u00e9ano Atl\u00e1ntico Sudoccidental y sus implicancias sobre las pesquer\u00edas en Argentina. La Secretar\u00eda de Gobierno de Agroindustria, a trav\u00e9s de la Subsecretar\u00eda de Pesca y Acuicultura, encabez\u00f3 un encuentro de intercambio multisectorial para el abordaje de tem\u00e1ticas vinculadas al cambio clim\u00e1tico y sus implicancias en las pesquer\u00edas nacionales con abordaje cient\u00edfico-t\u00e9cnico que permita la toma de decisiones en diferentes niveles. Durante la jornada se trataron los primeros borradores del trabajo que se viene realizando en el marco del Grupo de Cambio Clim\u00e1tico en el Atl\u00e1ntico Sur de Iniciativa Pampa Azul, actualmente coordinado por la Direcci\u00f3n Nacional de Producciones Sostenibles de la Secretar\u00eda de Agricultura, Ganader\u00eda y Pesca de la cartera Agroindustrial, con la supervisi\u00f3n t\u00e9cnica del Instituto Nacional de Investigaci\u00f3n y Desarrollo Pesquero (INIDEP). El subsecretario de Pesca y Acuicultura de la Naci\u00f3n, Juan Bosch, destac\u00f3 en la apertura que \u00abArgentina participa permanentemente en foros mundiales donde se discuten temas de este nivel de importancia y por eso el valor de conformar este equipo para generar informaci\u00f3n con s\u00f3lida base t\u00e9cnico-cient\u00edfica para las pol\u00edticas a largo plazo\u00bb. Bosch subray\u00f3 que \u00abel debate y el an\u00e1lisis nos permitir\u00e1 estar preparados para las variaciones en nuestro mar y generar pol\u00edticas con visi\u00f3n ecosist\u00e9mica en conjunto entre la parte cient\u00edfica, el Estado y los armadores\u00bb. Y agreg\u00f3: \u00abNuestro potencial se hizo posible en la plataforma extendida hasta la milla 350, y ahora vamos por la 201 con una mirada estrat\u00e9gica, esto gracias a la base cient\u00edfica.\" \/>\n<meta property=\"og:url\" content=\"https:\/\/www.capeca.org.ar\/index.php\/2019\/06\/01\/capeca-participo-en-la-jornada-multisectorial-para-el-abordaje-de-las-pesquerias-en-un-contexto-de-cambio-climatico\/\" \/>\n<meta property=\"og:site_name\" content=\"C.A.Pe.C.A.\" \/>\n<meta property=\"article:published_time\" content=\"2019-06-01T17:20:05+00:00\" \/>\n<meta property=\"og:image\" content=\"https:\/\/www.capeca.org.ar\/wp\/wp-content\/uploads\/2019\/06\/190531154425_original.jpg\" \/>\n\t<meta property=\"og:image:width\" content=\"3000\" \/>\n\t<meta property=\"og:image:height\" content=\"2000\" \/>\n\t<meta property=\"og:image:type\" content=\"image\/jpeg\" \/>\n<meta name=\"author\" content=\"CAPeCA\" \/>\n<meta name=\"twitter:card\" content=\"summary_large_image\" \/>\n<meta name=\"twitter:label1\" content=\"Escrito por\" \/>\n\t<meta name=\"twitter:data1\" content=\"CAPeCA\" \/>\n\t<meta name=\"twitter:label2\" content=\"Tiempo de lectura\" \/>\n\t<meta name=\"twitter:data2\" content=\"1 minuto\" \/>\n<script type=\"application\/ld+json\" class=\"yoast-schema-graph\">{\"@context\":\"https:\/\/schema.org\",\"@graph\":[{\"@type\":\"WebPage\",\"@id\":\"https:\/\/www.capeca.org.ar\/index.php\/2019\/06\/01\/capeca-participo-en-la-jornada-multisectorial-para-el-abordaje-de-las-pesquerias-en-un-contexto-de-cambio-climatico\/\",\"url\":\"https:\/\/www.capeca.org.ar\/index.php\/2019\/06\/01\/capeca-participo-en-la-jornada-multisectorial-para-el-abordaje-de-las-pesquerias-en-un-contexto-de-cambio-climatico\/\",\"name\":\"CAPeCA particip\u00f3 en la jornada multisectorial para el abordaje de las pesquer\u00edas en un contexto de Cambio Clim\u00e1tico - C.A.Pe.C.A.\",\"isPartOf\":{\"@id\":\"https:\/\/www.capeca.org.ar\/#website\"},\"primaryImageOfPage\":{\"@id\":\"https:\/\/www.capeca.org.ar\/index.php\/2019\/06\/01\/capeca-participo-en-la-jornada-multisectorial-para-el-abordaje-de-las-pesquerias-en-un-contexto-de-cambio-climatico\/#primaryimage\"},\"image\":{\"@id\":\"https:\/\/www.capeca.org.ar\/index.php\/2019\/06\/01\/capeca-participo-en-la-jornada-multisectorial-para-el-abordaje-de-las-pesquerias-en-un-contexto-de-cambio-climatico\/#primaryimage\"},\"thumbnailUrl\":\"https:\/\/www.capeca.org.ar\/wp\/wp-content\/uploads\/2019\/06\/190531154425_original.jpg\",\"datePublished\":\"2019-06-01T17:20:05+00:00\",\"dateModified\":\"2019-06-01T17:20:05+00:00\",\"author\":{\"@id\":\"https:\/\/www.capeca.org.ar\/#\/schema\/person\/43dc64f7ef5c0482f883f13c92a1b947\"},\"breadcrumb\":{\"@id\":\"https:\/\/www.capeca.org.ar\/index.php\/2019\/06\/01\/capeca-participo-en-la-jornada-multisectorial-para-el-abordaje-de-las-pesquerias-en-un-contexto-de-cambio-climatico\/#breadcrumb\"},\"inLanguage\":\"es\",\"potentialAction\":[{\"@type\":\"ReadAction\",\"target\":[\"https:\/\/www.capeca.org.ar\/index.php\/2019\/06\/01\/capeca-participo-en-la-jornada-multisectorial-para-el-abordaje-de-las-pesquerias-en-un-contexto-de-cambio-climatico\/\"]}]},{\"@type\":\"ImageObject\",\"inLanguage\":\"es\",\"@id\":\"https:\/\/www.capeca.org.ar\/index.php\/2019\/06\/01\/capeca-participo-en-la-jornada-multisectorial-para-el-abordaje-de-las-pesquerias-en-un-contexto-de-cambio-climatico\/#primaryimage\",\"url\":\"https:\/\/www.capeca.org.ar\/wp\/wp-content\/uploads\/2019\/06\/190531154425_original.jpg\",\"contentUrl\":\"https:\/\/www.capeca.org.ar\/wp\/wp-content\/uploads\/2019\/06\/190531154425_original.jpg\",\"width\":3000,\"height\":2000},{\"@type\":\"BreadcrumbList\",\"@id\":\"https:\/\/www.capeca.org.ar\/index.php\/2019\/06\/01\/capeca-participo-en-la-jornada-multisectorial-para-el-abordaje-de-las-pesquerias-en-un-contexto-de-cambio-climatico\/#breadcrumb\",\"itemListElement\":[{\"@type\":\"ListItem\",\"position\":1,\"name\":\"Portada\",\"item\":\"https:\/\/www.capeca.org.ar\/\"},{\"@type\":\"ListItem\",\"position\":2,\"name\":\"CAPeCA particip\u00f3 en la jornada multisectorial para el abordaje de las pesquer\u00edas en un contexto de Cambio Clim\u00e1tico\"}]},{\"@type\":\"WebSite\",\"@id\":\"https:\/\/www.capeca.org.ar\/#website\",\"url\":\"https:\/\/www.capeca.org.ar\/\",\"name\":\"C.A.Pe.C.A.\",\"description\":\"C\u00e1mara de Armadores de Pesqueros y Congeladores de la Argentina\",\"potentialAction\":[{\"@type\":\"SearchAction\",\"target\":{\"@type\":\"EntryPoint\",\"urlTemplate\":\"https:\/\/www.capeca.org.ar\/?s={search_term_string}\"},\"query-input\":{\"@type\":\"PropertyValueSpecification\",\"valueRequired\":true,\"valueName\":\"search_term_string\"}}],\"inLanguage\":\"es\"},{\"@type\":\"Person\",\"@id\":\"https:\/\/www.capeca.org.ar\/#\/schema\/person\/43dc64f7ef5c0482f883f13c92a1b947\",\"name\":\"CAPeCA\",\"image\":{\"@type\":\"ImageObject\",\"inLanguage\":\"es\",\"@id\":\"https:\/\/www.capeca.org.ar\/#\/schema\/person\/image\/\",\"url\":\"https:\/\/secure.gravatar.com\/avatar\/236a623f39daa823cf184d241dcde1ff?s=96&d=mm&r=g\",\"contentUrl\":\"https:\/\/secure.gravatar.com\/avatar\/236a623f39daa823cf184d241dcde1ff?s=96&d=mm&r=g\",\"caption\":\"CAPeCA\"},\"url\":\"https:\/\/www.capeca.org.ar\/index.php\/author\/capeca\/\"}]}<\/script>\n<!-- \/ Yoast SEO plugin. -->","yoast_head_json":{"title":"CAPeCA particip\u00f3 en la jornada multisectorial para el abordaje de las pesquer\u00edas en un contexto de Cambio Clim\u00e1tico - C.A.Pe.C.A.","robots":{"index":"index","follow":"follow","max-snippet":"max-snippet:-1","max-image-preview":"max-image-preview:large","max-video-preview":"max-video-preview:-1"},"canonical":"https:\/\/www.capeca.org.ar\/index.php\/2019\/06\/01\/capeca-participo-en-la-jornada-multisectorial-para-el-abordaje-de-las-pesquerias-en-un-contexto-de-cambio-climatico\/","og_locale":"es_ES","og_type":"article","og_title":"CAPeCA particip\u00f3 en la jornada multisectorial para el abordaje de las pesquer\u00edas en un contexto de Cambio Clim\u00e1tico - C.A.Pe.C.A.","og_description":"Presentaci\u00f3n del Avance del Informe del estado del conocimiento sobre el cambio clim\u00e1tico en el Oc\u00e9ano Atl\u00e1ntico Sudoccidental y sus implicancias sobre las pesquer\u00edas en Argentina. La Secretar\u00eda de Gobierno de Agroindustria, a trav\u00e9s de la Subsecretar\u00eda de Pesca y Acuicultura, encabez\u00f3 un encuentro de intercambio multisectorial para el abordaje de tem\u00e1ticas vinculadas al cambio clim\u00e1tico y sus implicancias en las pesquer\u00edas nacionales con abordaje cient\u00edfico-t\u00e9cnico que permita la toma de decisiones en diferentes niveles. Durante la jornada se trataron los primeros borradores del trabajo que se viene realizando en el marco del Grupo de Cambio Clim\u00e1tico en el Atl\u00e1ntico Sur de Iniciativa Pampa Azul, actualmente coordinado por la Direcci\u00f3n Nacional de Producciones Sostenibles de la Secretar\u00eda de Agricultura, Ganader\u00eda y Pesca de la cartera Agroindustrial, con la supervisi\u00f3n t\u00e9cnica del Instituto Nacional de Investigaci\u00f3n y Desarrollo Pesquero (INIDEP). El subsecretario de Pesca y Acuicultura de la Naci\u00f3n, Juan Bosch, destac\u00f3 en la apertura que \u00abArgentina participa permanentemente en foros mundiales donde se discuten temas de este nivel de importancia y por eso el valor de conformar este equipo para generar informaci\u00f3n con s\u00f3lida base t\u00e9cnico-cient\u00edfica para las pol\u00edticas a largo plazo\u00bb. Bosch subray\u00f3 que \u00abel debate y el an\u00e1lisis nos permitir\u00e1 estar preparados para las variaciones en nuestro mar y generar pol\u00edticas con visi\u00f3n ecosist\u00e9mica en conjunto entre la parte cient\u00edfica, el Estado y los armadores\u00bb. Y agreg\u00f3: \u00abNuestro potencial se hizo posible en la plataforma extendida hasta la milla 350, y ahora vamos por la 201 con una mirada estrat\u00e9gica, esto gracias a la base cient\u00edfica.","og_url":"https:\/\/www.capeca.org.ar\/index.php\/2019\/06\/01\/capeca-participo-en-la-jornada-multisectorial-para-el-abordaje-de-las-pesquerias-en-un-contexto-de-cambio-climatico\/","og_site_name":"C.A.Pe.C.A.","article_published_time":"2019-06-01T17:20:05+00:00","og_image":[{"width":3000,"height":2000,"url":"https:\/\/www.capeca.org.ar\/wp\/wp-content\/uploads\/2019\/06\/190531154425_original.jpg","type":"image\/jpeg"}],"author":"CAPeCA","twitter_card":"summary_large_image","twitter_misc":{"Escrito por":"CAPeCA","Tiempo de lectura":"1 minuto"},"schema":{"@context":"https:\/\/schema.org","@graph":[{"@type":"WebPage","@id":"https:\/\/www.capeca.org.ar\/index.php\/2019\/06\/01\/capeca-participo-en-la-jornada-multisectorial-para-el-abordaje-de-las-pesquerias-en-un-contexto-de-cambio-climatico\/","url":"https:\/\/www.capeca.org.ar\/index.php\/2019\/06\/01\/capeca-participo-en-la-jornada-multisectorial-para-el-abordaje-de-las-pesquerias-en-un-contexto-de-cambio-climatico\/","name":"CAPeCA particip\u00f3 en la jornada multisectorial para el abordaje de las pesquer\u00edas en un contexto de Cambio Clim\u00e1tico - C.A.Pe.C.A.","isPartOf":{"@id":"https:\/\/www.capeca.org.ar\/#website"},"primaryImageOfPage":{"@id":"https:\/\/www.capeca.org.ar\/index.php\/2019\/06\/01\/capeca-participo-en-la-jornada-multisectorial-para-el-abordaje-de-las-pesquerias-en-un-contexto-de-cambio-climatico\/#primaryimage"},"image":{"@id":"https:\/\/www.capeca.org.ar\/index.php\/2019\/06\/01\/capeca-participo-en-la-jornada-multisectorial-para-el-abordaje-de-las-pesquerias-en-un-contexto-de-cambio-climatico\/#primaryimage"},"thumbnailUrl":"https:\/\/www.capeca.org.ar\/wp\/wp-content\/uploads\/2019\/06\/190531154425_original.jpg","datePublished":"2019-06-01T17:20:05+00:00","dateModified":"2019-06-01T17:20:05+00:00","author":{"@id":"https:\/\/www.capeca.org.ar\/#\/schema\/person\/43dc64f7ef5c0482f883f13c92a1b947"},"breadcrumb":{"@id":"https:\/\/www.capeca.org.ar\/index.php\/2019\/06\/01\/capeca-participo-en-la-jornada-multisectorial-para-el-abordaje-de-las-pesquerias-en-un-contexto-de-cambio-climatico\/#breadcrumb"},"inLanguage":"es","potentialAction":[{"@type":"ReadAction","target":["https:\/\/www.capeca.org.ar\/index.php\/2019\/06\/01\/capeca-participo-en-la-jornada-multisectorial-para-el-abordaje-de-las-pesquerias-en-un-contexto-de-cambio-climatico\/"]}]},{"@type":"ImageObject","inLanguage":"es","@id":"https:\/\/www.capeca.org.ar\/index.php\/2019\/06\/01\/capeca-participo-en-la-jornada-multisectorial-para-el-abordaje-de-las-pesquerias-en-un-contexto-de-cambio-climatico\/#primaryimage","url":"https:\/\/www.capeca.org.ar\/wp\/wp-content\/uploads\/2019\/06\/190531154425_original.jpg","contentUrl":"https:\/\/www.capeca.org.ar\/wp\/wp-content\/uploads\/2019\/06\/190531154425_original.jpg","width":3000,"height":2000},{"@type":"BreadcrumbList","@id":"https:\/\/www.capeca.org.ar\/index.php\/2019\/06\/01\/capeca-participo-en-la-jornada-multisectorial-para-el-abordaje-de-las-pesquerias-en-un-contexto-de-cambio-climatico\/#breadcrumb","itemListElement":[{"@type":"ListItem","position":1,"name":"Portada","item":"https:\/\/www.capeca.org.ar\/"},{"@type":"ListItem","position":2,"name":"CAPeCA particip\u00f3 en la jornada multisectorial para el abordaje de las pesquer\u00edas en un contexto de Cambio Clim\u00e1tico"}]},{"@type":"WebSite","@id":"https:\/\/www.capeca.org.ar\/#website","url":"https:\/\/www.capeca.org.ar\/","name":"C.A.Pe.C.A.","description":"C\u00e1mara de Armadores de Pesqueros y Congeladores de la Argentina","potentialAction":[{"@type":"SearchAction","target":{"@type":"EntryPoint","urlTemplate":"https:\/\/www.capeca.org.ar\/?s={search_term_string}"},"query-input":{"@type":"PropertyValueSpecification","valueRequired":true,"valueName":"search_term_string"}}],"inLanguage":"es"},{"@type":"Person","@id":"https:\/\/www.capeca.org.ar\/#\/schema\/person\/43dc64f7ef5c0482f883f13c92a1b947","name":"CAPeCA","image":{"@type":"ImageObject","inLanguage":"es","@id":"https:\/\/www.capeca.org.ar\/#\/schema\/person\/image\/","url":"https:\/\/secure.gravatar.com\/avatar\/236a623f39daa823cf184d241dcde1ff?s=96&d=mm&r=g","contentUrl":"https:\/\/secure.gravatar.com\/avatar\/236a623f39daa823cf184d241dcde1ff?s=96&d=mm&r=g","caption":"CAPeCA"},"url":"https:\/\/www.capeca.org.ar\/index.php\/author\/capeca\/"}]}},"_links":{"self":[{"href":"https:\/\/www.capeca.org.ar\/index.php\/wp-json\/wp\/v2\/posts\/2096","targetHints":{"allow":["GET"]}}],"collection":[{"href":"https:\/\/www.capeca.org.ar\/index.php\/wp-json\/wp\/v2\/posts"}],"about":[{"href":"https:\/\/www.capeca.org.ar\/index.php\/wp-json\/wp\/v2\/types\/post"}],"author":[{"embeddable":true,"href":"https:\/\/www.capeca.org.ar\/index.php\/wp-json\/wp\/v2\/users\/2"}],"replies":[{"embeddable":true,"href":"https:\/\/www.capeca.org.ar\/index.php\/wp-json\/wp\/v2\/comments?post=2096"}],"version-history":[{"count":1,"href":"https:\/\/www.capeca.org.ar\/index.php\/wp-json\/wp\/v2\/posts\/2096\/revisions"}],"predecessor-version":[{"id":2098,"href":"https:\/\/www.capeca.org.ar\/index.php\/wp-json\/wp\/v2\/posts\/2096\/revisions\/2098"}],"wp:featuredmedia":[{"embeddable":true,"href":"https:\/\/www.capeca.org.ar\/index.php\/wp-json\/wp\/v2\/media\/2097"}],"wp:attachment":[{"href":"https:\/\/www.capeca.org.ar\/index.php\/wp-json\/wp\/v2\/media?parent=2096"}],"wp:term":[{"taxonomy":"category","embeddable":true,"href":"https:\/\/www.capeca.org.ar\/index.php\/wp-json\/wp\/v2\/categories?post=2096"},{"taxonomy":"post_tag","embeddable":true,"href":"https:\/\/www.capeca.org.ar\/index.php\/wp-json\/wp\/v2\/tags?post=2096"}],"curies":[{"name":"wp","href":"https:\/\/api.w.org\/{rel}","templated":true}]}}