{"id":2064,"date":"2019-05-21T10:02:01","date_gmt":"2019-05-21T13:02:01","guid":{"rendered":"https:\/\/www.capeca.org.ar\/?p=2064"},"modified":"2019-05-21T10:02:01","modified_gmt":"2019-05-21T13:02:01","slug":"deseado-se-consolida-como-puerto-multiproposito","status":"publish","type":"post","link":"https:\/\/www.capeca.org.ar\/index.php\/2019\/05\/21\/deseado-se-consolida-como-puerto-multiproposito\/","title":{"rendered":"Deseado se consolida como puerto multiprop\u00f3sito"},"content":{"rendered":"<h2 class=\"title\"><\/h2>\n<div class=\"entry clearfix\"><img fetchpriority=\"high\" decoding=\"async\" class=\"alignleft featured_image wp-post-image\" src=\"https:\/\/www.marypescanoticiaspatagonicas.com\/wp-content\/uploads\/2018\/10\/IMG_9978-1.jpg\" sizes=\"(max-width: 300px) 100vw, 300px\" srcset=\"https:\/\/www.marypescanoticiaspatagonicas.com\/wp-content\/uploads\/2018\/10\/IMG_9978-1.jpg 640w, https:\/\/www.marypescanoticiaspatagonicas.com\/wp-content\/uploads\/2018\/10\/IMG_9978-1-300x194.jpg 300w\" alt=\"\" width=\"300\" height=\"194\" \/>El director del Puerto deseadense, Jorge Fresco,(foto), puso en valor el acuerdo preliminar de colaboraci\u00f3n para las operaciones de ingreso de mercanc\u00edas peligrosas, por la estaci\u00f3n mar\u00edtima local rubricado en el marco de la feria ARminera2019, que se realiz\u00f3 en Buenos Aires la semana pasada, al se\u00f1alar que \u201cDeseado ser\u00e1 un eslab\u00f3n importante en la cadena log\u00edstica de la industria minera\u201d.<span id=\"more-16293\"><\/span><\/p>\n<p>El funcionario detall\u00f3 que desde la Provincia se dio una directiva para tratar con absoluta libertad el tema de la descarga de cianuro, aunque reconoci\u00f3\u00a0 hubo un gran empuje desde el sector privado representado en este caso por Karina Zini de Minera San Nicol\u00e1s quien se involucr\u00f3 en el tema , como as\u00ed tambi\u00e9n el compromiso manifestado por \u00a0los estibadores y las empresas de estibajes, quienes\u00a0 hicieron su aporte y en todo momento mostrando su predisposici\u00f3n para poder recibir este tipo de mercanc\u00eda encuadrada como \u201cpeligrosa\u201d, que hace algunos a\u00f1os de recib\u00eda por el puerto local.<\/p>\n<p>\u201cSi bien nosotros en su momento perdimos la descarga de unos 400 contenedores anuales, el cianuro sigui\u00f3 y sigue entrando a Santa Cruz por Punta Arenas, (Chile) y de all\u00ed la carga es trasportada en camiones hasta Caleta Olivia donde se realizan los tr\u00e1mites en la Aduana y posteriormente distribuida a los yacimientos\u201d, se\u00f1al\u00f3 el funcionario al admitir que ahora esa carga retornar\u00e1 al puerto local para consolidar a Deseado como un puerto multiprop\u00f3sito.<\/p>\n<p>Pero para llegar a la firma del acuerdo preliminar el director del Puerto reconoci\u00f3 que hubo que andar un largo camino, adecuarse a normativas nacionales y brindar capacitaciones a la gente involucrada en la operatoria, ya que por el tipo de mercanc\u00eda requiere de un cuidado especial.<\/p>\n<p>De todos modos, el funcionario aclar\u00f3 que el personal est\u00e1 calificado para este tipo de descargas que se realizan mediante un proceso \u00e1gil y desde que llega al puerto hasta que ingresa al yacimiento la misma ser\u00e1 custodiada por una empresa especialista en manejo ambiental.<\/p>\n<p><strong>La certificaci\u00f3n como meta<\/strong><\/p>\n<p>Jorge Fresco reconoci\u00f3 que desde hace dos a\u00f1os el puerto trabaja para lograr la certificaci\u00f3n, pero tambi\u00e9n para dar cumplimiento a toda normativa nacional existente.\u00a0\u201cVen\u00edamos un poco relegados tanto por da\u00f1os f\u00edsicos estructurales como documentales, pero actualmente estamos en un proceso de cumplimiento permanente de todos los requisitos, logramos tener la auditor\u00eda del estudio de impacto ambiental y ya estamos elaborando plan respecto a la basura, as\u00ed \u00a0que en poco tiempo vamos a tener el puerto certificado, si bien la certificaci\u00f3n tiene que ver con el tema de contrabando narcotr\u00e1fico valoramos la posibilidad de tener un puerto seguro\u201d, dijo por \u00faltimo.<\/p>\n<p>Fuente Mar y Pesca<\/p>\n<\/div>\n","protected":false},"excerpt":{"rendered":"<p>El director del Puerto deseadense, Jorge Fresco,(foto), puso en valor el acuerdo preliminar de colaboraci\u00f3n para las operaciones de ingreso de mercanc\u00edas peligrosas, por la estaci\u00f3n mar\u00edtima local rubricado en el marco de la feria ARminera2019, que se realiz\u00f3 en Buenos Aires la semana pasada, al se\u00f1alar que \u201cDeseado ser\u00e1 un eslab\u00f3n importante en la cadena log\u00edstica de la industria minera\u201d. El funcionario detall\u00f3 que desde la Provincia se dio una directiva para tratar con absoluta libertad el tema de la descarga de cianuro, aunque reconoci\u00f3\u00a0 hubo un gran empuje desde el sector privado representado en este caso por Karina Zini de Minera San Nicol\u00e1s quien se involucr\u00f3 en el tema , como as\u00ed tambi\u00e9n el compromiso manifestado por \u00a0los estibadores y las empresas de estibajes, quienes\u00a0 hicieron su aporte y en todo momento mostrando su predisposici\u00f3n para poder recibir este tipo de mercanc\u00eda encuadrada como \u201cpeligrosa\u201d, que hace algunos a\u00f1os de recib\u00eda por el puerto local. \u201cSi bien nosotros en su momento perdimos la descarga de unos 400 contenedores anuales, el cianuro sigui\u00f3 y sigue entrando a Santa Cruz por Punta Arenas, (Chile) y de all\u00ed la carga es trasportada en camiones hasta Caleta Olivia donde se realizan los tr\u00e1mites en la Aduana y posteriormente distribuida a los yacimientos\u201d, se\u00f1al\u00f3 el funcionario al admitir que ahora esa carga retornar\u00e1 al puerto local para consolidar a Deseado como un puerto multiprop\u00f3sito. Pero para llegar a la firma del acuerdo preliminar el director del Puerto reconoci\u00f3 que hubo que andar un largo camino, adecuarse a normativas nacionales y brindar capacitaciones a la gente involucrada en la operatoria, ya que por el tipo de mercanc\u00eda requiere de un cuidado especial. De todos modos, el funcionario aclar\u00f3 que el personal est\u00e1 calificado para este tipo de descargas que se realizan mediante un proceso \u00e1gil y desde que llega al puerto hasta que ingresa al yacimiento la misma ser\u00e1 custodiada por una empresa especialista en manejo ambiental. La certificaci\u00f3n como meta Jorge Fresco reconoci\u00f3 que desde hace dos a\u00f1os el puerto trabaja para lograr la certificaci\u00f3n, pero tambi\u00e9n para dar cumplimiento a toda normativa nacional existente.\u00a0\u201cVen\u00edamos un poco relegados tanto por da\u00f1os f\u00edsicos estructurales como documentales, pero actualmente estamos en un proceso de cumplimiento permanente de todos los requisitos, logramos tener la auditor\u00eda del estudio de impacto ambiental y ya estamos elaborando plan respecto a la basura, as\u00ed \u00a0que en poco tiempo vamos a tener el puerto certificado, si bien la certificaci\u00f3n tiene que ver con el tema de contrabando narcotr\u00e1fico valoramos la posibilidad de tener un puerto seguro\u201d, dijo por \u00faltimo. Fuente Mar y Pesca<\/p>\n","protected":false},"author":2,"featured_media":2065,"comment_status":"open","ping_status":"open","sticky":false,"template":"","format":"standard","meta":{"_monsterinsights_skip_tracking":false,"_monsterinsights_sitenote_active":false,"_monsterinsights_sitenote_note":"","_monsterinsights_sitenote_category":0,"neve_meta_sidebar":"","neve_meta_container":"","neve_meta_enable_content_width":"","neve_meta_content_width":0,"neve_meta_title_alignment":"","neve_meta_author_avatar":"","neve_post_elements_order":"","neve_meta_disable_header":"","neve_meta_disable_footer":"","neve_meta_disable_title":"","footnotes":""},"categories":[1],"tags":[32,57,81],"class_list":["post-2064","post","type-post","status-publish","format-standard","has-post-thumbnail","hentry","category-noticias","tag-capeca","tag-pesca","tag-pescaargentina"],"yoast_head":"<!-- This site is optimized with the Yoast SEO plugin v24.1 - https:\/\/yoast.com\/wordpress\/plugins\/seo\/ -->\n<title>Deseado se consolida como puerto multiprop\u00f3sito - C.A.Pe.C.A.<\/title>\n<meta name=\"robots\" content=\"index, follow, max-snippet:-1, max-image-preview:large, max-video-preview:-1\" \/>\n<link rel=\"canonical\" href=\"https:\/\/www.capeca.org.ar\/index.php\/2019\/05\/21\/deseado-se-consolida-como-puerto-multiproposito\/\" \/>\n<meta property=\"og:locale\" content=\"es_ES\" \/>\n<meta property=\"og:type\" content=\"article\" \/>\n<meta property=\"og:title\" content=\"Deseado se consolida como puerto multiprop\u00f3sito - C.A.Pe.C.A.\" \/>\n<meta property=\"og:description\" content=\"El director del Puerto deseadense, Jorge Fresco,(foto), puso en valor el acuerdo preliminar de colaboraci\u00f3n para las operaciones de ingreso de mercanc\u00edas peligrosas, por la estaci\u00f3n mar\u00edtima local rubricado en el marco de la feria ARminera2019, que se realiz\u00f3 en Buenos Aires la semana pasada, al se\u00f1alar que \u201cDeseado ser\u00e1 un eslab\u00f3n importante en la cadena log\u00edstica de la industria minera\u201d. El funcionario detall\u00f3 que desde la Provincia se dio una directiva para tratar con absoluta libertad el tema de la descarga de cianuro, aunque reconoci\u00f3\u00a0 hubo un gran empuje desde el sector privado representado en este caso por Karina Zini de Minera San Nicol\u00e1s quien se involucr\u00f3 en el tema , como as\u00ed tambi\u00e9n el compromiso manifestado por \u00a0los estibadores y las empresas de estibajes, quienes\u00a0 hicieron su aporte y en todo momento mostrando su predisposici\u00f3n para poder recibir este tipo de mercanc\u00eda encuadrada como \u201cpeligrosa\u201d, que hace algunos a\u00f1os de recib\u00eda por el puerto local. \u201cSi bien nosotros en su momento perdimos la descarga de unos 400 contenedores anuales, el cianuro sigui\u00f3 y sigue entrando a Santa Cruz por Punta Arenas, (Chile) y de all\u00ed la carga es trasportada en camiones hasta Caleta Olivia donde se realizan los tr\u00e1mites en la Aduana y posteriormente distribuida a los yacimientos\u201d, se\u00f1al\u00f3 el funcionario al admitir que ahora esa carga retornar\u00e1 al puerto local para consolidar a Deseado como un puerto multiprop\u00f3sito. Pero para llegar a la firma del acuerdo preliminar el director del Puerto reconoci\u00f3 que hubo que andar un largo camino, adecuarse a normativas nacionales y brindar capacitaciones a la gente involucrada en la operatoria, ya que por el tipo de mercanc\u00eda requiere de un cuidado especial. De todos modos, el funcionario aclar\u00f3 que el personal est\u00e1 calificado para este tipo de descargas que se realizan mediante un proceso \u00e1gil y desde que llega al puerto hasta que ingresa al yacimiento la misma ser\u00e1 custodiada por una empresa especialista en manejo ambiental. La certificaci\u00f3n como meta Jorge Fresco reconoci\u00f3 que desde hace dos a\u00f1os el puerto trabaja para lograr la certificaci\u00f3n, pero tambi\u00e9n para dar cumplimiento a toda normativa nacional existente.\u00a0\u201cVen\u00edamos un poco relegados tanto por da\u00f1os f\u00edsicos estructurales como documentales, pero actualmente estamos en un proceso de cumplimiento permanente de todos los requisitos, logramos tener la auditor\u00eda del estudio de impacto ambiental y ya estamos elaborando plan respecto a la basura, as\u00ed \u00a0que en poco tiempo vamos a tener el puerto certificado, si bien la certificaci\u00f3n tiene que ver con el tema de contrabando narcotr\u00e1fico valoramos la posibilidad de tener un puerto seguro\u201d, dijo por \u00faltimo. Fuente Mar y Pesca\" \/>\n<meta property=\"og:url\" content=\"https:\/\/www.capeca.org.ar\/index.php\/2019\/05\/21\/deseado-se-consolida-como-puerto-multiproposito\/\" \/>\n<meta property=\"og:site_name\" content=\"C.A.Pe.C.A.\" \/>\n<meta property=\"article:published_time\" content=\"2019-05-21T13:02:01+00:00\" \/>\n<meta property=\"og:image\" content=\"https:\/\/www.capeca.org.ar\/wp\/wp-content\/uploads\/2019\/05\/IMG_9978-1.jpg\" \/>\n\t<meta property=\"og:image:width\" content=\"640\" \/>\n\t<meta property=\"og:image:height\" content=\"414\" \/>\n\t<meta property=\"og:image:type\" content=\"image\/jpeg\" \/>\n<meta name=\"author\" content=\"CAPeCA\" \/>\n<meta name=\"twitter:card\" content=\"summary_large_image\" \/>\n<meta name=\"twitter:label1\" content=\"Escrito por\" \/>\n\t<meta name=\"twitter:data1\" content=\"CAPeCA\" \/>\n\t<meta name=\"twitter:label2\" content=\"Tiempo de lectura\" \/>\n\t<meta name=\"twitter:data2\" content=\"2 minutos\" \/>\n<script type=\"application\/ld+json\" class=\"yoast-schema-graph\">{\"@context\":\"https:\/\/schema.org\",\"@graph\":[{\"@type\":\"WebPage\",\"@id\":\"https:\/\/www.capeca.org.ar\/index.php\/2019\/05\/21\/deseado-se-consolida-como-puerto-multiproposito\/\",\"url\":\"https:\/\/www.capeca.org.ar\/index.php\/2019\/05\/21\/deseado-se-consolida-como-puerto-multiproposito\/\",\"name\":\"Deseado se consolida como puerto multiprop\u00f3sito - C.A.Pe.C.A.\",\"isPartOf\":{\"@id\":\"https:\/\/www.capeca.org.ar\/#website\"},\"primaryImageOfPage\":{\"@id\":\"https:\/\/www.capeca.org.ar\/index.php\/2019\/05\/21\/deseado-se-consolida-como-puerto-multiproposito\/#primaryimage\"},\"image\":{\"@id\":\"https:\/\/www.capeca.org.ar\/index.php\/2019\/05\/21\/deseado-se-consolida-como-puerto-multiproposito\/#primaryimage\"},\"thumbnailUrl\":\"https:\/\/www.capeca.org.ar\/wp\/wp-content\/uploads\/2019\/05\/IMG_9978-1.jpg\",\"datePublished\":\"2019-05-21T13:02:01+00:00\",\"dateModified\":\"2019-05-21T13:02:01+00:00\",\"author\":{\"@id\":\"https:\/\/www.capeca.org.ar\/#\/schema\/person\/43dc64f7ef5c0482f883f13c92a1b947\"},\"breadcrumb\":{\"@id\":\"https:\/\/www.capeca.org.ar\/index.php\/2019\/05\/21\/deseado-se-consolida-como-puerto-multiproposito\/#breadcrumb\"},\"inLanguage\":\"es\",\"potentialAction\":[{\"@type\":\"ReadAction\",\"target\":[\"https:\/\/www.capeca.org.ar\/index.php\/2019\/05\/21\/deseado-se-consolida-como-puerto-multiproposito\/\"]}]},{\"@type\":\"ImageObject\",\"inLanguage\":\"es\",\"@id\":\"https:\/\/www.capeca.org.ar\/index.php\/2019\/05\/21\/deseado-se-consolida-como-puerto-multiproposito\/#primaryimage\",\"url\":\"https:\/\/www.capeca.org.ar\/wp\/wp-content\/uploads\/2019\/05\/IMG_9978-1.jpg\",\"contentUrl\":\"https:\/\/www.capeca.org.ar\/wp\/wp-content\/uploads\/2019\/05\/IMG_9978-1.jpg\",\"width\":640,\"height\":414},{\"@type\":\"BreadcrumbList\",\"@id\":\"https:\/\/www.capeca.org.ar\/index.php\/2019\/05\/21\/deseado-se-consolida-como-puerto-multiproposito\/#breadcrumb\",\"itemListElement\":[{\"@type\":\"ListItem\",\"position\":1,\"name\":\"Portada\",\"item\":\"https:\/\/www.capeca.org.ar\/\"},{\"@type\":\"ListItem\",\"position\":2,\"name\":\"Deseado se consolida como puerto multiprop\u00f3sito\"}]},{\"@type\":\"WebSite\",\"@id\":\"https:\/\/www.capeca.org.ar\/#website\",\"url\":\"https:\/\/www.capeca.org.ar\/\",\"name\":\"C.A.Pe.C.A.\",\"description\":\"C\u00e1mara de Armadores de Pesqueros y Congeladores de la Argentina\",\"potentialAction\":[{\"@type\":\"SearchAction\",\"target\":{\"@type\":\"EntryPoint\",\"urlTemplate\":\"https:\/\/www.capeca.org.ar\/?s={search_term_string}\"},\"query-input\":{\"@type\":\"PropertyValueSpecification\",\"valueRequired\":true,\"valueName\":\"search_term_string\"}}],\"inLanguage\":\"es\"},{\"@type\":\"Person\",\"@id\":\"https:\/\/www.capeca.org.ar\/#\/schema\/person\/43dc64f7ef5c0482f883f13c92a1b947\",\"name\":\"CAPeCA\",\"image\":{\"@type\":\"ImageObject\",\"inLanguage\":\"es\",\"@id\":\"https:\/\/www.capeca.org.ar\/#\/schema\/person\/image\/\",\"url\":\"https:\/\/secure.gravatar.com\/avatar\/236a623f39daa823cf184d241dcde1ff?s=96&d=mm&r=g\",\"contentUrl\":\"https:\/\/secure.gravatar.com\/avatar\/236a623f39daa823cf184d241dcde1ff?s=96&d=mm&r=g\",\"caption\":\"CAPeCA\"},\"url\":\"https:\/\/www.capeca.org.ar\/index.php\/author\/capeca\/\"}]}<\/script>\n<!-- \/ Yoast SEO plugin. -->","yoast_head_json":{"title":"Deseado se consolida como puerto multiprop\u00f3sito - C.A.Pe.C.A.","robots":{"index":"index","follow":"follow","max-snippet":"max-snippet:-1","max-image-preview":"max-image-preview:large","max-video-preview":"max-video-preview:-1"},"canonical":"https:\/\/www.capeca.org.ar\/index.php\/2019\/05\/21\/deseado-se-consolida-como-puerto-multiproposito\/","og_locale":"es_ES","og_type":"article","og_title":"Deseado se consolida como puerto multiprop\u00f3sito - C.A.Pe.C.A.","og_description":"El director del Puerto deseadense, Jorge Fresco,(foto), puso en valor el acuerdo preliminar de colaboraci\u00f3n para las operaciones de ingreso de mercanc\u00edas peligrosas, por la estaci\u00f3n mar\u00edtima local rubricado en el marco de la feria ARminera2019, que se realiz\u00f3 en Buenos Aires la semana pasada, al se\u00f1alar que \u201cDeseado ser\u00e1 un eslab\u00f3n importante en la cadena log\u00edstica de la industria minera\u201d. El funcionario detall\u00f3 que desde la Provincia se dio una directiva para tratar con absoluta libertad el tema de la descarga de cianuro, aunque reconoci\u00f3\u00a0 hubo un gran empuje desde el sector privado representado en este caso por Karina Zini de Minera San Nicol\u00e1s quien se involucr\u00f3 en el tema , como as\u00ed tambi\u00e9n el compromiso manifestado por \u00a0los estibadores y las empresas de estibajes, quienes\u00a0 hicieron su aporte y en todo momento mostrando su predisposici\u00f3n para poder recibir este tipo de mercanc\u00eda encuadrada como \u201cpeligrosa\u201d, que hace algunos a\u00f1os de recib\u00eda por el puerto local. \u201cSi bien nosotros en su momento perdimos la descarga de unos 400 contenedores anuales, el cianuro sigui\u00f3 y sigue entrando a Santa Cruz por Punta Arenas, (Chile) y de all\u00ed la carga es trasportada en camiones hasta Caleta Olivia donde se realizan los tr\u00e1mites en la Aduana y posteriormente distribuida a los yacimientos\u201d, se\u00f1al\u00f3 el funcionario al admitir que ahora esa carga retornar\u00e1 al puerto local para consolidar a Deseado como un puerto multiprop\u00f3sito. Pero para llegar a la firma del acuerdo preliminar el director del Puerto reconoci\u00f3 que hubo que andar un largo camino, adecuarse a normativas nacionales y brindar capacitaciones a la gente involucrada en la operatoria, ya que por el tipo de mercanc\u00eda requiere de un cuidado especial. De todos modos, el funcionario aclar\u00f3 que el personal est\u00e1 calificado para este tipo de descargas que se realizan mediante un proceso \u00e1gil y desde que llega al puerto hasta que ingresa al yacimiento la misma ser\u00e1 custodiada por una empresa especialista en manejo ambiental. La certificaci\u00f3n como meta Jorge Fresco reconoci\u00f3 que desde hace dos a\u00f1os el puerto trabaja para lograr la certificaci\u00f3n, pero tambi\u00e9n para dar cumplimiento a toda normativa nacional existente.\u00a0\u201cVen\u00edamos un poco relegados tanto por da\u00f1os f\u00edsicos estructurales como documentales, pero actualmente estamos en un proceso de cumplimiento permanente de todos los requisitos, logramos tener la auditor\u00eda del estudio de impacto ambiental y ya estamos elaborando plan respecto a la basura, as\u00ed \u00a0que en poco tiempo vamos a tener el puerto certificado, si bien la certificaci\u00f3n tiene que ver con el tema de contrabando narcotr\u00e1fico valoramos la posibilidad de tener un puerto seguro\u201d, dijo por \u00faltimo. Fuente Mar y Pesca","og_url":"https:\/\/www.capeca.org.ar\/index.php\/2019\/05\/21\/deseado-se-consolida-como-puerto-multiproposito\/","og_site_name":"C.A.Pe.C.A.","article_published_time":"2019-05-21T13:02:01+00:00","og_image":[{"width":640,"height":414,"url":"https:\/\/www.capeca.org.ar\/wp\/wp-content\/uploads\/2019\/05\/IMG_9978-1.jpg","type":"image\/jpeg"}],"author":"CAPeCA","twitter_card":"summary_large_image","twitter_misc":{"Escrito por":"CAPeCA","Tiempo de lectura":"2 minutos"},"schema":{"@context":"https:\/\/schema.org","@graph":[{"@type":"WebPage","@id":"https:\/\/www.capeca.org.ar\/index.php\/2019\/05\/21\/deseado-se-consolida-como-puerto-multiproposito\/","url":"https:\/\/www.capeca.org.ar\/index.php\/2019\/05\/21\/deseado-se-consolida-como-puerto-multiproposito\/","name":"Deseado se consolida como puerto multiprop\u00f3sito - C.A.Pe.C.A.","isPartOf":{"@id":"https:\/\/www.capeca.org.ar\/#website"},"primaryImageOfPage":{"@id":"https:\/\/www.capeca.org.ar\/index.php\/2019\/05\/21\/deseado-se-consolida-como-puerto-multiproposito\/#primaryimage"},"image":{"@id":"https:\/\/www.capeca.org.ar\/index.php\/2019\/05\/21\/deseado-se-consolida-como-puerto-multiproposito\/#primaryimage"},"thumbnailUrl":"https:\/\/www.capeca.org.ar\/wp\/wp-content\/uploads\/2019\/05\/IMG_9978-1.jpg","datePublished":"2019-05-21T13:02:01+00:00","dateModified":"2019-05-21T13:02:01+00:00","author":{"@id":"https:\/\/www.capeca.org.ar\/#\/schema\/person\/43dc64f7ef5c0482f883f13c92a1b947"},"breadcrumb":{"@id":"https:\/\/www.capeca.org.ar\/index.php\/2019\/05\/21\/deseado-se-consolida-como-puerto-multiproposito\/#breadcrumb"},"inLanguage":"es","potentialAction":[{"@type":"ReadAction","target":["https:\/\/www.capeca.org.ar\/index.php\/2019\/05\/21\/deseado-se-consolida-como-puerto-multiproposito\/"]}]},{"@type":"ImageObject","inLanguage":"es","@id":"https:\/\/www.capeca.org.ar\/index.php\/2019\/05\/21\/deseado-se-consolida-como-puerto-multiproposito\/#primaryimage","url":"https:\/\/www.capeca.org.ar\/wp\/wp-content\/uploads\/2019\/05\/IMG_9978-1.jpg","contentUrl":"https:\/\/www.capeca.org.ar\/wp\/wp-content\/uploads\/2019\/05\/IMG_9978-1.jpg","width":640,"height":414},{"@type":"BreadcrumbList","@id":"https:\/\/www.capeca.org.ar\/index.php\/2019\/05\/21\/deseado-se-consolida-como-puerto-multiproposito\/#breadcrumb","itemListElement":[{"@type":"ListItem","position":1,"name":"Portada","item":"https:\/\/www.capeca.org.ar\/"},{"@type":"ListItem","position":2,"name":"Deseado se consolida como puerto multiprop\u00f3sito"}]},{"@type":"WebSite","@id":"https:\/\/www.capeca.org.ar\/#website","url":"https:\/\/www.capeca.org.ar\/","name":"C.A.Pe.C.A.","description":"C\u00e1mara de Armadores de Pesqueros y Congeladores de la Argentina","potentialAction":[{"@type":"SearchAction","target":{"@type":"EntryPoint","urlTemplate":"https:\/\/www.capeca.org.ar\/?s={search_term_string}"},"query-input":{"@type":"PropertyValueSpecification","valueRequired":true,"valueName":"search_term_string"}}],"inLanguage":"es"},{"@type":"Person","@id":"https:\/\/www.capeca.org.ar\/#\/schema\/person\/43dc64f7ef5c0482f883f13c92a1b947","name":"CAPeCA","image":{"@type":"ImageObject","inLanguage":"es","@id":"https:\/\/www.capeca.org.ar\/#\/schema\/person\/image\/","url":"https:\/\/secure.gravatar.com\/avatar\/236a623f39daa823cf184d241dcde1ff?s=96&d=mm&r=g","contentUrl":"https:\/\/secure.gravatar.com\/avatar\/236a623f39daa823cf184d241dcde1ff?s=96&d=mm&r=g","caption":"CAPeCA"},"url":"https:\/\/www.capeca.org.ar\/index.php\/author\/capeca\/"}]}},"_links":{"self":[{"href":"https:\/\/www.capeca.org.ar\/index.php\/wp-json\/wp\/v2\/posts\/2064","targetHints":{"allow":["GET"]}}],"collection":[{"href":"https:\/\/www.capeca.org.ar\/index.php\/wp-json\/wp\/v2\/posts"}],"about":[{"href":"https:\/\/www.capeca.org.ar\/index.php\/wp-json\/wp\/v2\/types\/post"}],"author":[{"embeddable":true,"href":"https:\/\/www.capeca.org.ar\/index.php\/wp-json\/wp\/v2\/users\/2"}],"replies":[{"embeddable":true,"href":"https:\/\/www.capeca.org.ar\/index.php\/wp-json\/wp\/v2\/comments?post=2064"}],"version-history":[{"count":1,"href":"https:\/\/www.capeca.org.ar\/index.php\/wp-json\/wp\/v2\/posts\/2064\/revisions"}],"predecessor-version":[{"id":2066,"href":"https:\/\/www.capeca.org.ar\/index.php\/wp-json\/wp\/v2\/posts\/2064\/revisions\/2066"}],"wp:featuredmedia":[{"embeddable":true,"href":"https:\/\/www.capeca.org.ar\/index.php\/wp-json\/wp\/v2\/media\/2065"}],"wp:attachment":[{"href":"https:\/\/www.capeca.org.ar\/index.php\/wp-json\/wp\/v2\/media?parent=2064"}],"wp:term":[{"taxonomy":"category","embeddable":true,"href":"https:\/\/www.capeca.org.ar\/index.php\/wp-json\/wp\/v2\/categories?post=2064"},{"taxonomy":"post_tag","embeddable":true,"href":"https:\/\/www.capeca.org.ar\/index.php\/wp-json\/wp\/v2\/tags?post=2064"}],"curies":[{"name":"wp","href":"https:\/\/api.w.org\/{rel}","templated":true}]}}