{"id":1778,"date":"2019-01-23T14:57:08","date_gmt":"2019-01-23T17:57:08","guid":{"rendered":"https:\/\/www.capeca.org.ar\/?p=1778"},"modified":"2019-01-23T14:57:08","modified_gmt":"2019-01-23T17:57:08","slug":"el-inidep-realizara-campana-de-calamar-en-febrero-con-la-participacion-de-cientificos-del-reino-unido","status":"publish","type":"post","link":"https:\/\/www.capeca.org.ar\/index.php\/2019\/01\/23\/el-inidep-realizara-campana-de-calamar-en-febrero-con-la-participacion-de-cientificos-del-reino-unido\/","title":{"rendered":"El Inidep realizar\u00e1 campa\u00f1a de calamar en febrero con la participaci\u00f3n de cient\u00edficos del Reino Unido"},"content":{"rendered":"<div class=\"hidden mobile-featured-image\">\n<p><img fetchpriority=\"high\" decoding=\"async\" class=\"attachment-post-thumbnail size-post-thumbnail wp-post-image\" src=\"https:\/\/www.pescare.com.ar\/wp-content\/uploads\/2018\/07\/angelescu_salida.jpg\" sizes=\"(max-width: 1199px) 100vw, 1199px\" srcset=\"https:\/\/www.pescare.com.ar\/wp-content\/uploads\/2018\/07\/angelescu_salida.jpg 1199w, https:\/\/www.pescare.com.ar\/wp-content\/uploads\/2018\/07\/angelescu_salida-300x177.jpg 300w, https:\/\/www.pescare.com.ar\/wp-content\/uploads\/2018\/07\/angelescu_salida-768x453.jpg 768w, https:\/\/www.pescare.com.ar\/wp-content\/uploads\/2018\/07\/angelescu_salida-1024x605.jpg 1024w\" alt=\"\" width=\"1199\" height=\"708\" \/><\/p>\n<div class=\"epigraff\">\n<div class=\"text-container\">Desde el instituto proyectan que el \u201cAngelescu\u201d zarpe el 1\u00b0 de febrero. Cubrir\u00e1 la zona que va del paralelo 45\u00b0 al 51\u00b0.<\/div>\n<div><\/div>\n<\/div>\n<\/div>\n<div class=\"article-info-bottom\">\n<div class=\"article-separator\">La evaluaci\u00f3n del stock sur de calamar volver\u00e1 a ser el objetivo principal de una campa\u00f1a de investigaci\u00f3n por parte del Inidep. El trabajo se llevar\u00e1 adelante desde el buque \u201cV\u00edctor Angelescu\u201d durante los primeros d\u00edas de febrero.<\/div>\n<\/div>\n<div class=\"post-text text-content\">\n<p>De acuerdo a lo que pudo saber\u00a0<em>Pescare.com.ar<\/em>, la agenda preliminar del instituto se\u00f1ala que el barco zarpar\u00e1 el 1\u00b0 de febrero, luego de que complete un crucero ambiental y prueba de equipos de pesca sobre la plataforma bonaerense, a realizarse entre el 28 y el 31 de enero.<\/p>\n<p><strong>Ser\u00e1 la primera campa\u00f1a espec\u00edfica sobre el\u00a0<\/strong><em><strong>illex<\/strong><\/em><strong>\u00a0desde 2014 y, adem\u00e1s, marcar\u00e1 el retorno de la investigaci\u00f3n conjunta con el Reino Unido tras la suspensi\u00f3n del v\u00ednculo cient\u00edfico en 2005<\/strong>. Dos investigadores de ese pa\u00eds embarcar\u00e1n en el \u201cAngelescu\u201d para interactuar con sus pares argentinos.<\/p>\n<p><strong>Plan de trabajo<\/strong><\/p>\n<p>En principio, est\u00e1 previsto que se opere\u00a0<strong>entre los paralelos 45\u00b0 y 51\u00b0 de latitud Sur<\/strong>, incluyendo la zona de exclusi\u00f3n de Malvinas.<\/p>\n<p>A la tarea meramente cient\u00edfica se le aplicar\u00e1 la f\u00f3rmula de soberan\u00eda sobre las Islas Malvinas, Georgias del Sur, Sandwich del Sur y los espacios mar\u00edtimos circundantes; es decir, la Argentina deja en claro que mantiene los reclamos de esos espacios.<\/p>\n<p>\u201cEs la misma estructura de campa\u00f1a que funcion\u00f3 entre 1998 y 2005.\u00a0<strong>Est\u00e1 previsto un trabajo de treinta y seis d\u00edas entre los cien y los quinientos metros de profundidad<\/strong>. Se har\u00e1n unos noventa y ocho lances de pesca. Despu\u00e9s, se va a trabajar tambi\u00e9n sobre especies australes como merluza austral, merluza de cola y merluza negra\u201d, confirm\u00f3 el director de flota en el Inidep, Alejandro Latte.<\/p>\n<p><strong>Trabajo clave<\/strong><\/p>\n<p>Si bien los buques poteros ya comenzaron a operar sobre el recurso el pasado 7 de enero al sur del paralelo 44\u00b0, la informaci\u00f3n que\u00a0<strong>los investigadores puedan recolectar desde el \u201cAngelescu\u201d ser\u00e1 clave para proyectar el resto de la temporada. \u00a0<\/strong><\/p>\n<p>Buscar\u00e1n confirmar la distribuci\u00f3n y las \u00e1reas de concentraci\u00f3n estival de calamar, estimar la biomasa y abundancia en n\u00famero de individuos.<\/p>\n<p>En tanto, las capturas en\u00a0<strong>las primeras jornadas de pesca fueron buenas, con promedios diarios por unidad que oscilaron entre las 25 y 30 toneladas<\/strong>. El ritmo de operaciones permiti\u00f3 que algunas embarcaciones ya hayan podido completar la primera marea.<\/p>\n<p>Entre esas unidades se cuentan \u201cDasa 508\u201d, \u201cNavegantes II\u201d, \u201cMillenium\u201d y \u201cHuyu 906\u201d, estos dos \u00faltimos tienen arribo previsto para este mi\u00e9rcoles al puerto del Mar del Plata; mientras que a Puerto Deseado llegaron \u201cXin Shi Ji 92\u201d y el \u201cXin Shi Ji 95\u201d, entre otros.<\/p>\n<p>Fuente: www.pescare.com.ar<\/p>\n<\/div>\n","protected":false},"excerpt":{"rendered":"<p>Desde el instituto proyectan que el \u201cAngelescu\u201d zarpe el 1\u00b0 de febrero. Cubrir\u00e1 la zona que va del paralelo 45\u00b0 al 51\u00b0. La evaluaci\u00f3n del stock sur de calamar volver\u00e1 a ser el objetivo principal de una campa\u00f1a de investigaci\u00f3n por parte del Inidep. El trabajo se llevar\u00e1 adelante desde el buque \u201cV\u00edctor Angelescu\u201d durante los primeros d\u00edas de febrero. De acuerdo a lo que pudo saber\u00a0Pescare.com.ar, la agenda preliminar del instituto se\u00f1ala que el barco zarpar\u00e1 el 1\u00b0 de febrero, luego de que complete un crucero ambiental y prueba de equipos de pesca sobre la plataforma bonaerense, a realizarse entre el 28 y el 31 de enero. Ser\u00e1 la primera campa\u00f1a espec\u00edfica sobre el\u00a0illex\u00a0desde 2014 y, adem\u00e1s, marcar\u00e1 el retorno de la investigaci\u00f3n conjunta con el Reino Unido tras la suspensi\u00f3n del v\u00ednculo cient\u00edfico en 2005. Dos investigadores de ese pa\u00eds embarcar\u00e1n en el \u201cAngelescu\u201d para interactuar con sus pares argentinos. Plan de trabajo En principio, est\u00e1 previsto que se opere\u00a0entre los paralelos 45\u00b0 y 51\u00b0 de latitud Sur, incluyendo la zona de exclusi\u00f3n de Malvinas. A la tarea meramente cient\u00edfica se le aplicar\u00e1 la f\u00f3rmula de soberan\u00eda sobre las Islas Malvinas, Georgias del Sur, Sandwich del Sur y los espacios mar\u00edtimos circundantes; es decir, la Argentina deja en claro que mantiene los reclamos de esos espacios. \u201cEs la misma estructura de campa\u00f1a que funcion\u00f3 entre 1998 y 2005.\u00a0Est\u00e1 previsto un trabajo de treinta y seis d\u00edas entre los cien y los quinientos metros de profundidad. Se har\u00e1n unos noventa y ocho lances de pesca. Despu\u00e9s, se va a trabajar tambi\u00e9n sobre especies australes como merluza austral, merluza de cola y merluza negra\u201d, confirm\u00f3 el director de flota en el Inidep, Alejandro Latte. Trabajo clave Si bien los buques poteros ya comenzaron a operar sobre el recurso el pasado 7 de enero al sur del paralelo 44\u00b0, la informaci\u00f3n que\u00a0los investigadores puedan recolectar desde el \u201cAngelescu\u201d ser\u00e1 clave para proyectar el resto de la temporada. \u00a0 Buscar\u00e1n confirmar la distribuci\u00f3n y las \u00e1reas de concentraci\u00f3n estival de calamar, estimar la biomasa y abundancia en n\u00famero de individuos. En tanto, las capturas en\u00a0las primeras jornadas de pesca fueron buenas, con promedios diarios por unidad que oscilaron entre las 25 y 30 toneladas. El ritmo de operaciones permiti\u00f3 que algunas embarcaciones ya hayan podido completar la primera marea. Entre esas unidades se cuentan \u201cDasa 508\u201d, \u201cNavegantes II\u201d, \u201cMillenium\u201d y \u201cHuyu 906\u201d, estos dos \u00faltimos tienen arribo previsto para este mi\u00e9rcoles al puerto del Mar del Plata; mientras que a Puerto Deseado llegaron \u201cXin Shi Ji 92\u201d y el \u201cXin Shi Ji 95\u201d, entre otros. Fuente: www.pescare.com.ar<\/p>\n","protected":false},"author":2,"featured_media":1779,"comment_status":"open","ping_status":"open","sticky":false,"template":"","format":"standard","meta":{"_monsterinsights_skip_tracking":false,"_monsterinsights_sitenote_active":false,"_monsterinsights_sitenote_note":"","_monsterinsights_sitenote_category":0,"neve_meta_sidebar":"","neve_meta_container":"","neve_meta_enable_content_width":"","neve_meta_content_width":0,"neve_meta_title_alignment":"","neve_meta_author_avatar":"","neve_post_elements_order":"","neve_meta_disable_header":"","neve_meta_disable_footer":"","neve_meta_disable_title":"","footnotes":""},"categories":[1],"tags":[66,43,57,58],"class_list":["post-1778","post","type-post","status-publish","format-standard","has-post-thumbnail","hentry","category-noticias","tag-calamar","tag-inidep","tag-pesca","tag-pesca-argentina"],"yoast_head":"<!-- This site is optimized with the Yoast SEO plugin v24.1 - https:\/\/yoast.com\/wordpress\/plugins\/seo\/ -->\n<title>El Inidep realizar\u00e1 campa\u00f1a de calamar en febrero con la participaci\u00f3n de cient\u00edficos del Reino Unido - C.A.Pe.C.A.<\/title>\n<meta name=\"robots\" content=\"index, follow, max-snippet:-1, max-image-preview:large, max-video-preview:-1\" \/>\n<link rel=\"canonical\" href=\"https:\/\/www.capeca.org.ar\/index.php\/2019\/01\/23\/el-inidep-realizara-campana-de-calamar-en-febrero-con-la-participacion-de-cientificos-del-reino-unido\/\" \/>\n<meta property=\"og:locale\" content=\"es_ES\" \/>\n<meta property=\"og:type\" content=\"article\" \/>\n<meta property=\"og:title\" content=\"El Inidep realizar\u00e1 campa\u00f1a de calamar en febrero con la participaci\u00f3n de cient\u00edficos del Reino Unido - C.A.Pe.C.A.\" \/>\n<meta property=\"og:description\" content=\"Desde el instituto proyectan que el \u201cAngelescu\u201d zarpe el 1\u00b0 de febrero. Cubrir\u00e1 la zona que va del paralelo 45\u00b0 al 51\u00b0. La evaluaci\u00f3n del stock sur de calamar volver\u00e1 a ser el objetivo principal de una campa\u00f1a de investigaci\u00f3n por parte del Inidep. El trabajo se llevar\u00e1 adelante desde el buque \u201cV\u00edctor Angelescu\u201d durante los primeros d\u00edas de febrero. De acuerdo a lo que pudo saber\u00a0Pescare.com.ar, la agenda preliminar del instituto se\u00f1ala que el barco zarpar\u00e1 el 1\u00b0 de febrero, luego de que complete un crucero ambiental y prueba de equipos de pesca sobre la plataforma bonaerense, a realizarse entre el 28 y el 31 de enero. Ser\u00e1 la primera campa\u00f1a espec\u00edfica sobre el\u00a0illex\u00a0desde 2014 y, adem\u00e1s, marcar\u00e1 el retorno de la investigaci\u00f3n conjunta con el Reino Unido tras la suspensi\u00f3n del v\u00ednculo cient\u00edfico en 2005. Dos investigadores de ese pa\u00eds embarcar\u00e1n en el \u201cAngelescu\u201d para interactuar con sus pares argentinos. Plan de trabajo En principio, est\u00e1 previsto que se opere\u00a0entre los paralelos 45\u00b0 y 51\u00b0 de latitud Sur, incluyendo la zona de exclusi\u00f3n de Malvinas. A la tarea meramente cient\u00edfica se le aplicar\u00e1 la f\u00f3rmula de soberan\u00eda sobre las Islas Malvinas, Georgias del Sur, Sandwich del Sur y los espacios mar\u00edtimos circundantes; es decir, la Argentina deja en claro que mantiene los reclamos de esos espacios. \u201cEs la misma estructura de campa\u00f1a que funcion\u00f3 entre 1998 y 2005.\u00a0Est\u00e1 previsto un trabajo de treinta y seis d\u00edas entre los cien y los quinientos metros de profundidad. Se har\u00e1n unos noventa y ocho lances de pesca. Despu\u00e9s, se va a trabajar tambi\u00e9n sobre especies australes como merluza austral, merluza de cola y merluza negra\u201d, confirm\u00f3 el director de flota en el Inidep, Alejandro Latte. Trabajo clave Si bien los buques poteros ya comenzaron a operar sobre el recurso el pasado 7 de enero al sur del paralelo 44\u00b0, la informaci\u00f3n que\u00a0los investigadores puedan recolectar desde el \u201cAngelescu\u201d ser\u00e1 clave para proyectar el resto de la temporada. \u00a0 Buscar\u00e1n confirmar la distribuci\u00f3n y las \u00e1reas de concentraci\u00f3n estival de calamar, estimar la biomasa y abundancia en n\u00famero de individuos. En tanto, las capturas en\u00a0las primeras jornadas de pesca fueron buenas, con promedios diarios por unidad que oscilaron entre las 25 y 30 toneladas. El ritmo de operaciones permiti\u00f3 que algunas embarcaciones ya hayan podido completar la primera marea. Entre esas unidades se cuentan \u201cDasa 508\u201d, \u201cNavegantes II\u201d, \u201cMillenium\u201d y \u201cHuyu 906\u201d, estos dos \u00faltimos tienen arribo previsto para este mi\u00e9rcoles al puerto del Mar del Plata; mientras que a Puerto Deseado llegaron \u201cXin Shi Ji 92\u201d y el \u201cXin Shi Ji 95\u201d, entre otros. Fuente: www.pescare.com.ar\" \/>\n<meta property=\"og:url\" content=\"https:\/\/www.capeca.org.ar\/index.php\/2019\/01\/23\/el-inidep-realizara-campana-de-calamar-en-febrero-con-la-participacion-de-cientificos-del-reino-unido\/\" \/>\n<meta property=\"og:site_name\" content=\"C.A.Pe.C.A.\" \/>\n<meta property=\"article:published_time\" content=\"2019-01-23T17:57:08+00:00\" \/>\n<meta property=\"og:image\" content=\"https:\/\/www.capeca.org.ar\/wp\/wp-content\/uploads\/2019\/01\/angelescu_salida-1024x605.jpg\" \/>\n\t<meta property=\"og:image:width\" content=\"1024\" \/>\n\t<meta property=\"og:image:height\" content=\"605\" \/>\n\t<meta property=\"og:image:type\" content=\"image\/jpeg\" \/>\n<meta name=\"author\" content=\"CAPeCA\" \/>\n<meta name=\"twitter:card\" content=\"summary_large_image\" \/>\n<meta name=\"twitter:label1\" content=\"Escrito por\" \/>\n\t<meta name=\"twitter:data1\" content=\"CAPeCA\" \/>\n\t<meta name=\"twitter:label2\" content=\"Tiempo de lectura\" \/>\n\t<meta name=\"twitter:data2\" content=\"2 minutos\" \/>\n<script type=\"application\/ld+json\" class=\"yoast-schema-graph\">{\"@context\":\"https:\/\/schema.org\",\"@graph\":[{\"@type\":\"WebPage\",\"@id\":\"https:\/\/www.capeca.org.ar\/index.php\/2019\/01\/23\/el-inidep-realizara-campana-de-calamar-en-febrero-con-la-participacion-de-cientificos-del-reino-unido\/\",\"url\":\"https:\/\/www.capeca.org.ar\/index.php\/2019\/01\/23\/el-inidep-realizara-campana-de-calamar-en-febrero-con-la-participacion-de-cientificos-del-reino-unido\/\",\"name\":\"El Inidep realizar\u00e1 campa\u00f1a de calamar en febrero con la participaci\u00f3n de cient\u00edficos del Reino Unido - C.A.Pe.C.A.\",\"isPartOf\":{\"@id\":\"https:\/\/www.capeca.org.ar\/#website\"},\"primaryImageOfPage\":{\"@id\":\"https:\/\/www.capeca.org.ar\/index.php\/2019\/01\/23\/el-inidep-realizara-campana-de-calamar-en-febrero-con-la-participacion-de-cientificos-del-reino-unido\/#primaryimage\"},\"image\":{\"@id\":\"https:\/\/www.capeca.org.ar\/index.php\/2019\/01\/23\/el-inidep-realizara-campana-de-calamar-en-febrero-con-la-participacion-de-cientificos-del-reino-unido\/#primaryimage\"},\"thumbnailUrl\":\"https:\/\/www.capeca.org.ar\/wp\/wp-content\/uploads\/2019\/01\/angelescu_salida-1024x605.jpg\",\"datePublished\":\"2019-01-23T17:57:08+00:00\",\"dateModified\":\"2019-01-23T17:57:08+00:00\",\"author\":{\"@id\":\"https:\/\/www.capeca.org.ar\/#\/schema\/person\/43dc64f7ef5c0482f883f13c92a1b947\"},\"breadcrumb\":{\"@id\":\"https:\/\/www.capeca.org.ar\/index.php\/2019\/01\/23\/el-inidep-realizara-campana-de-calamar-en-febrero-con-la-participacion-de-cientificos-del-reino-unido\/#breadcrumb\"},\"inLanguage\":\"es\",\"potentialAction\":[{\"@type\":\"ReadAction\",\"target\":[\"https:\/\/www.capeca.org.ar\/index.php\/2019\/01\/23\/el-inidep-realizara-campana-de-calamar-en-febrero-con-la-participacion-de-cientificos-del-reino-unido\/\"]}]},{\"@type\":\"ImageObject\",\"inLanguage\":\"es\",\"@id\":\"https:\/\/www.capeca.org.ar\/index.php\/2019\/01\/23\/el-inidep-realizara-campana-de-calamar-en-febrero-con-la-participacion-de-cientificos-del-reino-unido\/#primaryimage\",\"url\":\"https:\/\/www.capeca.org.ar\/wp\/wp-content\/uploads\/2019\/01\/angelescu_salida-1024x605.jpg\",\"contentUrl\":\"https:\/\/www.capeca.org.ar\/wp\/wp-content\/uploads\/2019\/01\/angelescu_salida-1024x605.jpg\",\"width\":1024,\"height\":605},{\"@type\":\"BreadcrumbList\",\"@id\":\"https:\/\/www.capeca.org.ar\/index.php\/2019\/01\/23\/el-inidep-realizara-campana-de-calamar-en-febrero-con-la-participacion-de-cientificos-del-reino-unido\/#breadcrumb\",\"itemListElement\":[{\"@type\":\"ListItem\",\"position\":1,\"name\":\"Portada\",\"item\":\"https:\/\/www.capeca.org.ar\/\"},{\"@type\":\"ListItem\",\"position\":2,\"name\":\"El Inidep realizar\u00e1 campa\u00f1a de calamar en febrero con la participaci\u00f3n de cient\u00edficos del Reino Unido\"}]},{\"@type\":\"WebSite\",\"@id\":\"https:\/\/www.capeca.org.ar\/#website\",\"url\":\"https:\/\/www.capeca.org.ar\/\",\"name\":\"C.A.Pe.C.A.\",\"description\":\"C\u00e1mara de Armadores de Pesqueros y Congeladores de la Argentina\",\"potentialAction\":[{\"@type\":\"SearchAction\",\"target\":{\"@type\":\"EntryPoint\",\"urlTemplate\":\"https:\/\/www.capeca.org.ar\/?s={search_term_string}\"},\"query-input\":{\"@type\":\"PropertyValueSpecification\",\"valueRequired\":true,\"valueName\":\"search_term_string\"}}],\"inLanguage\":\"es\"},{\"@type\":\"Person\",\"@id\":\"https:\/\/www.capeca.org.ar\/#\/schema\/person\/43dc64f7ef5c0482f883f13c92a1b947\",\"name\":\"CAPeCA\",\"image\":{\"@type\":\"ImageObject\",\"inLanguage\":\"es\",\"@id\":\"https:\/\/www.capeca.org.ar\/#\/schema\/person\/image\/\",\"url\":\"https:\/\/secure.gravatar.com\/avatar\/236a623f39daa823cf184d241dcde1ff?s=96&d=mm&r=g\",\"contentUrl\":\"https:\/\/secure.gravatar.com\/avatar\/236a623f39daa823cf184d241dcde1ff?s=96&d=mm&r=g\",\"caption\":\"CAPeCA\"},\"url\":\"https:\/\/www.capeca.org.ar\/index.php\/author\/capeca\/\"}]}<\/script>\n<!-- \/ Yoast SEO plugin. -->","yoast_head_json":{"title":"El Inidep realizar\u00e1 campa\u00f1a de calamar en febrero con la participaci\u00f3n de cient\u00edficos del Reino Unido - C.A.Pe.C.A.","robots":{"index":"index","follow":"follow","max-snippet":"max-snippet:-1","max-image-preview":"max-image-preview:large","max-video-preview":"max-video-preview:-1"},"canonical":"https:\/\/www.capeca.org.ar\/index.php\/2019\/01\/23\/el-inidep-realizara-campana-de-calamar-en-febrero-con-la-participacion-de-cientificos-del-reino-unido\/","og_locale":"es_ES","og_type":"article","og_title":"El Inidep realizar\u00e1 campa\u00f1a de calamar en febrero con la participaci\u00f3n de cient\u00edficos del Reino Unido - C.A.Pe.C.A.","og_description":"Desde el instituto proyectan que el \u201cAngelescu\u201d zarpe el 1\u00b0 de febrero. Cubrir\u00e1 la zona que va del paralelo 45\u00b0 al 51\u00b0. La evaluaci\u00f3n del stock sur de calamar volver\u00e1 a ser el objetivo principal de una campa\u00f1a de investigaci\u00f3n por parte del Inidep. El trabajo se llevar\u00e1 adelante desde el buque \u201cV\u00edctor Angelescu\u201d durante los primeros d\u00edas de febrero. De acuerdo a lo que pudo saber\u00a0Pescare.com.ar, la agenda preliminar del instituto se\u00f1ala que el barco zarpar\u00e1 el 1\u00b0 de febrero, luego de que complete un crucero ambiental y prueba de equipos de pesca sobre la plataforma bonaerense, a realizarse entre el 28 y el 31 de enero. Ser\u00e1 la primera campa\u00f1a espec\u00edfica sobre el\u00a0illex\u00a0desde 2014 y, adem\u00e1s, marcar\u00e1 el retorno de la investigaci\u00f3n conjunta con el Reino Unido tras la suspensi\u00f3n del v\u00ednculo cient\u00edfico en 2005. Dos investigadores de ese pa\u00eds embarcar\u00e1n en el \u201cAngelescu\u201d para interactuar con sus pares argentinos. Plan de trabajo En principio, est\u00e1 previsto que se opere\u00a0entre los paralelos 45\u00b0 y 51\u00b0 de latitud Sur, incluyendo la zona de exclusi\u00f3n de Malvinas. A la tarea meramente cient\u00edfica se le aplicar\u00e1 la f\u00f3rmula de soberan\u00eda sobre las Islas Malvinas, Georgias del Sur, Sandwich del Sur y los espacios mar\u00edtimos circundantes; es decir, la Argentina deja en claro que mantiene los reclamos de esos espacios. \u201cEs la misma estructura de campa\u00f1a que funcion\u00f3 entre 1998 y 2005.\u00a0Est\u00e1 previsto un trabajo de treinta y seis d\u00edas entre los cien y los quinientos metros de profundidad. Se har\u00e1n unos noventa y ocho lances de pesca. Despu\u00e9s, se va a trabajar tambi\u00e9n sobre especies australes como merluza austral, merluza de cola y merluza negra\u201d, confirm\u00f3 el director de flota en el Inidep, Alejandro Latte. Trabajo clave Si bien los buques poteros ya comenzaron a operar sobre el recurso el pasado 7 de enero al sur del paralelo 44\u00b0, la informaci\u00f3n que\u00a0los investigadores puedan recolectar desde el \u201cAngelescu\u201d ser\u00e1 clave para proyectar el resto de la temporada. \u00a0 Buscar\u00e1n confirmar la distribuci\u00f3n y las \u00e1reas de concentraci\u00f3n estival de calamar, estimar la biomasa y abundancia en n\u00famero de individuos. En tanto, las capturas en\u00a0las primeras jornadas de pesca fueron buenas, con promedios diarios por unidad que oscilaron entre las 25 y 30 toneladas. El ritmo de operaciones permiti\u00f3 que algunas embarcaciones ya hayan podido completar la primera marea. Entre esas unidades se cuentan \u201cDasa 508\u201d, \u201cNavegantes II\u201d, \u201cMillenium\u201d y \u201cHuyu 906\u201d, estos dos \u00faltimos tienen arribo previsto para este mi\u00e9rcoles al puerto del Mar del Plata; mientras que a Puerto Deseado llegaron \u201cXin Shi Ji 92\u201d y el \u201cXin Shi Ji 95\u201d, entre otros. Fuente: www.pescare.com.ar","og_url":"https:\/\/www.capeca.org.ar\/index.php\/2019\/01\/23\/el-inidep-realizara-campana-de-calamar-en-febrero-con-la-participacion-de-cientificos-del-reino-unido\/","og_site_name":"C.A.Pe.C.A.","article_published_time":"2019-01-23T17:57:08+00:00","og_image":[{"width":1024,"height":605,"url":"https:\/\/www.capeca.org.ar\/wp\/wp-content\/uploads\/2019\/01\/angelescu_salida-1024x605.jpg","type":"image\/jpeg"}],"author":"CAPeCA","twitter_card":"summary_large_image","twitter_misc":{"Escrito por":"CAPeCA","Tiempo de lectura":"2 minutos"},"schema":{"@context":"https:\/\/schema.org","@graph":[{"@type":"WebPage","@id":"https:\/\/www.capeca.org.ar\/index.php\/2019\/01\/23\/el-inidep-realizara-campana-de-calamar-en-febrero-con-la-participacion-de-cientificos-del-reino-unido\/","url":"https:\/\/www.capeca.org.ar\/index.php\/2019\/01\/23\/el-inidep-realizara-campana-de-calamar-en-febrero-con-la-participacion-de-cientificos-del-reino-unido\/","name":"El Inidep realizar\u00e1 campa\u00f1a de calamar en febrero con la participaci\u00f3n de cient\u00edficos del Reino Unido - C.A.Pe.C.A.","isPartOf":{"@id":"https:\/\/www.capeca.org.ar\/#website"},"primaryImageOfPage":{"@id":"https:\/\/www.capeca.org.ar\/index.php\/2019\/01\/23\/el-inidep-realizara-campana-de-calamar-en-febrero-con-la-participacion-de-cientificos-del-reino-unido\/#primaryimage"},"image":{"@id":"https:\/\/www.capeca.org.ar\/index.php\/2019\/01\/23\/el-inidep-realizara-campana-de-calamar-en-febrero-con-la-participacion-de-cientificos-del-reino-unido\/#primaryimage"},"thumbnailUrl":"https:\/\/www.capeca.org.ar\/wp\/wp-content\/uploads\/2019\/01\/angelescu_salida-1024x605.jpg","datePublished":"2019-01-23T17:57:08+00:00","dateModified":"2019-01-23T17:57:08+00:00","author":{"@id":"https:\/\/www.capeca.org.ar\/#\/schema\/person\/43dc64f7ef5c0482f883f13c92a1b947"},"breadcrumb":{"@id":"https:\/\/www.capeca.org.ar\/index.php\/2019\/01\/23\/el-inidep-realizara-campana-de-calamar-en-febrero-con-la-participacion-de-cientificos-del-reino-unido\/#breadcrumb"},"inLanguage":"es","potentialAction":[{"@type":"ReadAction","target":["https:\/\/www.capeca.org.ar\/index.php\/2019\/01\/23\/el-inidep-realizara-campana-de-calamar-en-febrero-con-la-participacion-de-cientificos-del-reino-unido\/"]}]},{"@type":"ImageObject","inLanguage":"es","@id":"https:\/\/www.capeca.org.ar\/index.php\/2019\/01\/23\/el-inidep-realizara-campana-de-calamar-en-febrero-con-la-participacion-de-cientificos-del-reino-unido\/#primaryimage","url":"https:\/\/www.capeca.org.ar\/wp\/wp-content\/uploads\/2019\/01\/angelescu_salida-1024x605.jpg","contentUrl":"https:\/\/www.capeca.org.ar\/wp\/wp-content\/uploads\/2019\/01\/angelescu_salida-1024x605.jpg","width":1024,"height":605},{"@type":"BreadcrumbList","@id":"https:\/\/www.capeca.org.ar\/index.php\/2019\/01\/23\/el-inidep-realizara-campana-de-calamar-en-febrero-con-la-participacion-de-cientificos-del-reino-unido\/#breadcrumb","itemListElement":[{"@type":"ListItem","position":1,"name":"Portada","item":"https:\/\/www.capeca.org.ar\/"},{"@type":"ListItem","position":2,"name":"El Inidep realizar\u00e1 campa\u00f1a de calamar en febrero con la participaci\u00f3n de cient\u00edficos del Reino Unido"}]},{"@type":"WebSite","@id":"https:\/\/www.capeca.org.ar\/#website","url":"https:\/\/www.capeca.org.ar\/","name":"C.A.Pe.C.A.","description":"C\u00e1mara de Armadores de Pesqueros y Congeladores de la Argentina","potentialAction":[{"@type":"SearchAction","target":{"@type":"EntryPoint","urlTemplate":"https:\/\/www.capeca.org.ar\/?s={search_term_string}"},"query-input":{"@type":"PropertyValueSpecification","valueRequired":true,"valueName":"search_term_string"}}],"inLanguage":"es"},{"@type":"Person","@id":"https:\/\/www.capeca.org.ar\/#\/schema\/person\/43dc64f7ef5c0482f883f13c92a1b947","name":"CAPeCA","image":{"@type":"ImageObject","inLanguage":"es","@id":"https:\/\/www.capeca.org.ar\/#\/schema\/person\/image\/","url":"https:\/\/secure.gravatar.com\/avatar\/236a623f39daa823cf184d241dcde1ff?s=96&d=mm&r=g","contentUrl":"https:\/\/secure.gravatar.com\/avatar\/236a623f39daa823cf184d241dcde1ff?s=96&d=mm&r=g","caption":"CAPeCA"},"url":"https:\/\/www.capeca.org.ar\/index.php\/author\/capeca\/"}]}},"_links":{"self":[{"href":"https:\/\/www.capeca.org.ar\/index.php\/wp-json\/wp\/v2\/posts\/1778","targetHints":{"allow":["GET"]}}],"collection":[{"href":"https:\/\/www.capeca.org.ar\/index.php\/wp-json\/wp\/v2\/posts"}],"about":[{"href":"https:\/\/www.capeca.org.ar\/index.php\/wp-json\/wp\/v2\/types\/post"}],"author":[{"embeddable":true,"href":"https:\/\/www.capeca.org.ar\/index.php\/wp-json\/wp\/v2\/users\/2"}],"replies":[{"embeddable":true,"href":"https:\/\/www.capeca.org.ar\/index.php\/wp-json\/wp\/v2\/comments?post=1778"}],"version-history":[{"count":1,"href":"https:\/\/www.capeca.org.ar\/index.php\/wp-json\/wp\/v2\/posts\/1778\/revisions"}],"predecessor-version":[{"id":1781,"href":"https:\/\/www.capeca.org.ar\/index.php\/wp-json\/wp\/v2\/posts\/1778\/revisions\/1781"}],"wp:featuredmedia":[{"embeddable":true,"href":"https:\/\/www.capeca.org.ar\/index.php\/wp-json\/wp\/v2\/media\/1779"}],"wp:attachment":[{"href":"https:\/\/www.capeca.org.ar\/index.php\/wp-json\/wp\/v2\/media?parent=1778"}],"wp:term":[{"taxonomy":"category","embeddable":true,"href":"https:\/\/www.capeca.org.ar\/index.php\/wp-json\/wp\/v2\/categories?post=1778"},{"taxonomy":"post_tag","embeddable":true,"href":"https:\/\/www.capeca.org.ar\/index.php\/wp-json\/wp\/v2\/tags?post=1778"}],"curies":[{"name":"wp","href":"https:\/\/api.w.org\/{rel}","templated":true}]}}