{"id":1769,"date":"2019-01-22T08:18:48","date_gmt":"2019-01-22T11:18:48","guid":{"rendered":"https:\/\/www.capeca.org.ar\/?p=1769"},"modified":"2019-01-22T08:18:48","modified_gmt":"2019-01-22T11:18:48","slug":"arribaron-los-primeros-poteros-al-muelle-deseadense","status":"publish","type":"post","link":"https:\/\/www.capeca.org.ar\/index.php\/2019\/01\/22\/arribaron-los-primeros-poteros-al-muelle-deseadense\/","title":{"rendered":"ARRIBARON LOS PRIMEROS POTEROS AL MUELLE DESEADENSE"},"content":{"rendered":"<p><img fetchpriority=\"high\" decoding=\"async\" class=\"alignleft featured_image wp-post-image\" src=\"https:\/\/www.marypescanoticiaspatagonicas.com\/wp-content\/uploads\/2019\/01\/calamar-estiva--e1548069012432.jpg\" alt=\"\" width=\"300\" height=\"168\" \/><\/p>\n<p>Se trata de los buques XIN SHI JI 92, SAN MATEO y XIN SHI JI 95, que ayer ingresaron al muelle local con una importante carga de calamar entero S y SS en sus bodegas. En tanto los buques ESAMAR 4 \u00a0y XIN SHI\u00a0HI 91 a\u00fan permanec\u00edan en rada.<span id=\"more-15359\"><\/span><\/p>\n<p>El arribo de los barcos provoc\u00f3 un alivio para los estibadores fijos y tambi\u00e9n para los eventuales que desde horas tempranas formaban una larga fila esperando ingresar para realizar alg\u00fan turno. (Foto; Gentileza:Facebook Puerto de Puerto Deseado).<\/p>\n<p>Fuente: www.marypescanoticiaspatagonicas.com<\/p>\n","protected":false},"excerpt":{"rendered":"<p>Se trata de los buques XIN SHI JI 92, SAN MATEO y XIN SHI JI 95, que ayer ingresaron al muelle local con una importante carga de calamar entero S y SS en sus bodegas. En tanto los buques ESAMAR 4 \u00a0y XIN SHI\u00a0HI 91 a\u00fan permanec\u00edan en rada. El arribo de los barcos provoc\u00f3 un alivio para los estibadores fijos y tambi\u00e9n para los eventuales que desde horas tempranas formaban una larga fila esperando ingresar para realizar alg\u00fan turno. (Foto; Gentileza:Facebook Puerto de Puerto Deseado). Fuente: www.marypescanoticiaspatagonicas.com<\/p>\n","protected":false},"author":2,"featured_media":1770,"comment_status":"open","ping_status":"open","sticky":false,"template":"","format":"standard","meta":{"_monsterinsights_skip_tracking":false,"_monsterinsights_sitenote_active":false,"_monsterinsights_sitenote_note":"","_monsterinsights_sitenote_category":0,"neve_meta_sidebar":"","neve_meta_container":"","neve_meta_enable_content_width":"","neve_meta_content_width":0,"neve_meta_title_alignment":"","neve_meta_author_avatar":"","neve_post_elements_order":"","neve_meta_disable_header":"","neve_meta_disable_footer":"","neve_meta_disable_title":"","footnotes":""},"categories":[1],"tags":[66,32,57,58,84],"class_list":["post-1769","post","type-post","status-publish","format-standard","has-post-thumbnail","hentry","category-noticias","tag-calamar","tag-capeca","tag-pesca","tag-pesca-argentina","tag-porteros"],"yoast_head":"<!-- This site is optimized with the Yoast SEO plugin v24.1 - https:\/\/yoast.com\/wordpress\/plugins\/seo\/ -->\n<title>ARRIBARON LOS PRIMEROS POTEROS AL MUELLE DESEADENSE - C.A.Pe.C.A.<\/title>\n<meta name=\"robots\" content=\"index, follow, max-snippet:-1, max-image-preview:large, max-video-preview:-1\" \/>\n<link rel=\"canonical\" href=\"https:\/\/www.capeca.org.ar\/index.php\/2019\/01\/22\/arribaron-los-primeros-poteros-al-muelle-deseadense\/\" \/>\n<meta property=\"og:locale\" content=\"es_ES\" \/>\n<meta property=\"og:type\" content=\"article\" \/>\n<meta property=\"og:title\" content=\"ARRIBARON LOS PRIMEROS POTEROS AL MUELLE DESEADENSE - C.A.Pe.C.A.\" \/>\n<meta property=\"og:description\" content=\"Se trata de los buques XIN SHI JI 92, SAN MATEO y XIN SHI JI 95, que ayer ingresaron al muelle local con una importante carga de calamar entero S y SS en sus bodegas. En tanto los buques ESAMAR 4 \u00a0y XIN SHI\u00a0HI 91 a\u00fan permanec\u00edan en rada. El arribo de los barcos provoc\u00f3 un alivio para los estibadores fijos y tambi\u00e9n para los eventuales que desde horas tempranas formaban una larga fila esperando ingresar para realizar alg\u00fan turno. (Foto; Gentileza:Facebook Puerto de Puerto Deseado). Fuente: www.marypescanoticiaspatagonicas.com\" \/>\n<meta property=\"og:url\" content=\"https:\/\/www.capeca.org.ar\/index.php\/2019\/01\/22\/arribaron-los-primeros-poteros-al-muelle-deseadense\/\" \/>\n<meta property=\"og:site_name\" content=\"C.A.Pe.C.A.\" \/>\n<meta property=\"article:published_time\" content=\"2019-01-22T11:18:48+00:00\" \/>\n<meta property=\"og:image\" content=\"https:\/\/www.capeca.org.ar\/wp\/wp-content\/uploads\/2019\/01\/calamar-estiva-e1548069012432.jpg\" \/>\n\t<meta property=\"og:image:width\" content=\"700\" \/>\n\t<meta property=\"og:image:height\" content=\"393\" \/>\n\t<meta property=\"og:image:type\" content=\"image\/jpeg\" \/>\n<meta name=\"author\" content=\"CAPeCA\" \/>\n<meta name=\"twitter:card\" content=\"summary_large_image\" \/>\n<meta name=\"twitter:label1\" content=\"Escrito por\" \/>\n\t<meta name=\"twitter:data1\" content=\"CAPeCA\" \/>\n<script type=\"application\/ld+json\" class=\"yoast-schema-graph\">{\"@context\":\"https:\/\/schema.org\",\"@graph\":[{\"@type\":\"WebPage\",\"@id\":\"https:\/\/www.capeca.org.ar\/index.php\/2019\/01\/22\/arribaron-los-primeros-poteros-al-muelle-deseadense\/\",\"url\":\"https:\/\/www.capeca.org.ar\/index.php\/2019\/01\/22\/arribaron-los-primeros-poteros-al-muelle-deseadense\/\",\"name\":\"ARRIBARON LOS PRIMEROS POTEROS AL MUELLE DESEADENSE - C.A.Pe.C.A.\",\"isPartOf\":{\"@id\":\"https:\/\/www.capeca.org.ar\/#website\"},\"primaryImageOfPage\":{\"@id\":\"https:\/\/www.capeca.org.ar\/index.php\/2019\/01\/22\/arribaron-los-primeros-poteros-al-muelle-deseadense\/#primaryimage\"},\"image\":{\"@id\":\"https:\/\/www.capeca.org.ar\/index.php\/2019\/01\/22\/arribaron-los-primeros-poteros-al-muelle-deseadense\/#primaryimage\"},\"thumbnailUrl\":\"https:\/\/www.capeca.org.ar\/wp\/wp-content\/uploads\/2019\/01\/calamar-estiva-e1548069012432.jpg\",\"datePublished\":\"2019-01-22T11:18:48+00:00\",\"dateModified\":\"2019-01-22T11:18:48+00:00\",\"author\":{\"@id\":\"https:\/\/www.capeca.org.ar\/#\/schema\/person\/43dc64f7ef5c0482f883f13c92a1b947\"},\"breadcrumb\":{\"@id\":\"https:\/\/www.capeca.org.ar\/index.php\/2019\/01\/22\/arribaron-los-primeros-poteros-al-muelle-deseadense\/#breadcrumb\"},\"inLanguage\":\"es\",\"potentialAction\":[{\"@type\":\"ReadAction\",\"target\":[\"https:\/\/www.capeca.org.ar\/index.php\/2019\/01\/22\/arribaron-los-primeros-poteros-al-muelle-deseadense\/\"]}]},{\"@type\":\"ImageObject\",\"inLanguage\":\"es\",\"@id\":\"https:\/\/www.capeca.org.ar\/index.php\/2019\/01\/22\/arribaron-los-primeros-poteros-al-muelle-deseadense\/#primaryimage\",\"url\":\"https:\/\/www.capeca.org.ar\/wp\/wp-content\/uploads\/2019\/01\/calamar-estiva-e1548069012432.jpg\",\"contentUrl\":\"https:\/\/www.capeca.org.ar\/wp\/wp-content\/uploads\/2019\/01\/calamar-estiva-e1548069012432.jpg\",\"width\":700,\"height\":393},{\"@type\":\"BreadcrumbList\",\"@id\":\"https:\/\/www.capeca.org.ar\/index.php\/2019\/01\/22\/arribaron-los-primeros-poteros-al-muelle-deseadense\/#breadcrumb\",\"itemListElement\":[{\"@type\":\"ListItem\",\"position\":1,\"name\":\"Portada\",\"item\":\"https:\/\/www.capeca.org.ar\/\"},{\"@type\":\"ListItem\",\"position\":2,\"name\":\"ARRIBARON LOS PRIMEROS POTEROS AL MUELLE DESEADENSE\"}]},{\"@type\":\"WebSite\",\"@id\":\"https:\/\/www.capeca.org.ar\/#website\",\"url\":\"https:\/\/www.capeca.org.ar\/\",\"name\":\"C.A.Pe.C.A.\",\"description\":\"C\u00e1mara de Armadores de Pesqueros y Congeladores de la Argentina\",\"potentialAction\":[{\"@type\":\"SearchAction\",\"target\":{\"@type\":\"EntryPoint\",\"urlTemplate\":\"https:\/\/www.capeca.org.ar\/?s={search_term_string}\"},\"query-input\":{\"@type\":\"PropertyValueSpecification\",\"valueRequired\":true,\"valueName\":\"search_term_string\"}}],\"inLanguage\":\"es\"},{\"@type\":\"Person\",\"@id\":\"https:\/\/www.capeca.org.ar\/#\/schema\/person\/43dc64f7ef5c0482f883f13c92a1b947\",\"name\":\"CAPeCA\",\"image\":{\"@type\":\"ImageObject\",\"inLanguage\":\"es\",\"@id\":\"https:\/\/www.capeca.org.ar\/#\/schema\/person\/image\/\",\"url\":\"https:\/\/secure.gravatar.com\/avatar\/236a623f39daa823cf184d241dcde1ff?s=96&d=mm&r=g\",\"contentUrl\":\"https:\/\/secure.gravatar.com\/avatar\/236a623f39daa823cf184d241dcde1ff?s=96&d=mm&r=g\",\"caption\":\"CAPeCA\"},\"url\":\"https:\/\/www.capeca.org.ar\/index.php\/author\/capeca\/\"}]}<\/script>\n<!-- \/ Yoast SEO plugin. -->","yoast_head_json":{"title":"ARRIBARON LOS PRIMEROS POTEROS AL MUELLE DESEADENSE - C.A.Pe.C.A.","robots":{"index":"index","follow":"follow","max-snippet":"max-snippet:-1","max-image-preview":"max-image-preview:large","max-video-preview":"max-video-preview:-1"},"canonical":"https:\/\/www.capeca.org.ar\/index.php\/2019\/01\/22\/arribaron-los-primeros-poteros-al-muelle-deseadense\/","og_locale":"es_ES","og_type":"article","og_title":"ARRIBARON LOS PRIMEROS POTEROS AL MUELLE DESEADENSE - C.A.Pe.C.A.","og_description":"Se trata de los buques XIN SHI JI 92, SAN MATEO y XIN SHI JI 95, que ayer ingresaron al muelle local con una importante carga de calamar entero S y SS en sus bodegas. En tanto los buques ESAMAR 4 \u00a0y XIN SHI\u00a0HI 91 a\u00fan permanec\u00edan en rada. El arribo de los barcos provoc\u00f3 un alivio para los estibadores fijos y tambi\u00e9n para los eventuales que desde horas tempranas formaban una larga fila esperando ingresar para realizar alg\u00fan turno. (Foto; Gentileza:Facebook Puerto de Puerto Deseado). Fuente: www.marypescanoticiaspatagonicas.com","og_url":"https:\/\/www.capeca.org.ar\/index.php\/2019\/01\/22\/arribaron-los-primeros-poteros-al-muelle-deseadense\/","og_site_name":"C.A.Pe.C.A.","article_published_time":"2019-01-22T11:18:48+00:00","og_image":[{"width":700,"height":393,"url":"https:\/\/www.capeca.org.ar\/wp\/wp-content\/uploads\/2019\/01\/calamar-estiva-e1548069012432.jpg","type":"image\/jpeg"}],"author":"CAPeCA","twitter_card":"summary_large_image","twitter_misc":{"Escrito por":"CAPeCA"},"schema":{"@context":"https:\/\/schema.org","@graph":[{"@type":"WebPage","@id":"https:\/\/www.capeca.org.ar\/index.php\/2019\/01\/22\/arribaron-los-primeros-poteros-al-muelle-deseadense\/","url":"https:\/\/www.capeca.org.ar\/index.php\/2019\/01\/22\/arribaron-los-primeros-poteros-al-muelle-deseadense\/","name":"ARRIBARON LOS PRIMEROS POTEROS AL MUELLE DESEADENSE - C.A.Pe.C.A.","isPartOf":{"@id":"https:\/\/www.capeca.org.ar\/#website"},"primaryImageOfPage":{"@id":"https:\/\/www.capeca.org.ar\/index.php\/2019\/01\/22\/arribaron-los-primeros-poteros-al-muelle-deseadense\/#primaryimage"},"image":{"@id":"https:\/\/www.capeca.org.ar\/index.php\/2019\/01\/22\/arribaron-los-primeros-poteros-al-muelle-deseadense\/#primaryimage"},"thumbnailUrl":"https:\/\/www.capeca.org.ar\/wp\/wp-content\/uploads\/2019\/01\/calamar-estiva-e1548069012432.jpg","datePublished":"2019-01-22T11:18:48+00:00","dateModified":"2019-01-22T11:18:48+00:00","author":{"@id":"https:\/\/www.capeca.org.ar\/#\/schema\/person\/43dc64f7ef5c0482f883f13c92a1b947"},"breadcrumb":{"@id":"https:\/\/www.capeca.org.ar\/index.php\/2019\/01\/22\/arribaron-los-primeros-poteros-al-muelle-deseadense\/#breadcrumb"},"inLanguage":"es","potentialAction":[{"@type":"ReadAction","target":["https:\/\/www.capeca.org.ar\/index.php\/2019\/01\/22\/arribaron-los-primeros-poteros-al-muelle-deseadense\/"]}]},{"@type":"ImageObject","inLanguage":"es","@id":"https:\/\/www.capeca.org.ar\/index.php\/2019\/01\/22\/arribaron-los-primeros-poteros-al-muelle-deseadense\/#primaryimage","url":"https:\/\/www.capeca.org.ar\/wp\/wp-content\/uploads\/2019\/01\/calamar-estiva-e1548069012432.jpg","contentUrl":"https:\/\/www.capeca.org.ar\/wp\/wp-content\/uploads\/2019\/01\/calamar-estiva-e1548069012432.jpg","width":700,"height":393},{"@type":"BreadcrumbList","@id":"https:\/\/www.capeca.org.ar\/index.php\/2019\/01\/22\/arribaron-los-primeros-poteros-al-muelle-deseadense\/#breadcrumb","itemListElement":[{"@type":"ListItem","position":1,"name":"Portada","item":"https:\/\/www.capeca.org.ar\/"},{"@type":"ListItem","position":2,"name":"ARRIBARON LOS PRIMEROS POTEROS AL MUELLE DESEADENSE"}]},{"@type":"WebSite","@id":"https:\/\/www.capeca.org.ar\/#website","url":"https:\/\/www.capeca.org.ar\/","name":"C.A.Pe.C.A.","description":"C\u00e1mara de Armadores de Pesqueros y Congeladores de la Argentina","potentialAction":[{"@type":"SearchAction","target":{"@type":"EntryPoint","urlTemplate":"https:\/\/www.capeca.org.ar\/?s={search_term_string}"},"query-input":{"@type":"PropertyValueSpecification","valueRequired":true,"valueName":"search_term_string"}}],"inLanguage":"es"},{"@type":"Person","@id":"https:\/\/www.capeca.org.ar\/#\/schema\/person\/43dc64f7ef5c0482f883f13c92a1b947","name":"CAPeCA","image":{"@type":"ImageObject","inLanguage":"es","@id":"https:\/\/www.capeca.org.ar\/#\/schema\/person\/image\/","url":"https:\/\/secure.gravatar.com\/avatar\/236a623f39daa823cf184d241dcde1ff?s=96&d=mm&r=g","contentUrl":"https:\/\/secure.gravatar.com\/avatar\/236a623f39daa823cf184d241dcde1ff?s=96&d=mm&r=g","caption":"CAPeCA"},"url":"https:\/\/www.capeca.org.ar\/index.php\/author\/capeca\/"}]}},"_links":{"self":[{"href":"https:\/\/www.capeca.org.ar\/index.php\/wp-json\/wp\/v2\/posts\/1769","targetHints":{"allow":["GET"]}}],"collection":[{"href":"https:\/\/www.capeca.org.ar\/index.php\/wp-json\/wp\/v2\/posts"}],"about":[{"href":"https:\/\/www.capeca.org.ar\/index.php\/wp-json\/wp\/v2\/types\/post"}],"author":[{"embeddable":true,"href":"https:\/\/www.capeca.org.ar\/index.php\/wp-json\/wp\/v2\/users\/2"}],"replies":[{"embeddable":true,"href":"https:\/\/www.capeca.org.ar\/index.php\/wp-json\/wp\/v2\/comments?post=1769"}],"version-history":[{"count":1,"href":"https:\/\/www.capeca.org.ar\/index.php\/wp-json\/wp\/v2\/posts\/1769\/revisions"}],"predecessor-version":[{"id":1771,"href":"https:\/\/www.capeca.org.ar\/index.php\/wp-json\/wp\/v2\/posts\/1769\/revisions\/1771"}],"wp:featuredmedia":[{"embeddable":true,"href":"https:\/\/www.capeca.org.ar\/index.php\/wp-json\/wp\/v2\/media\/1770"}],"wp:attachment":[{"href":"https:\/\/www.capeca.org.ar\/index.php\/wp-json\/wp\/v2\/media?parent=1769"}],"wp:term":[{"taxonomy":"category","embeddable":true,"href":"https:\/\/www.capeca.org.ar\/index.php\/wp-json\/wp\/v2\/categories?post=1769"},{"taxonomy":"post_tag","embeddable":true,"href":"https:\/\/www.capeca.org.ar\/index.php\/wp-json\/wp\/v2\/tags?post=1769"}],"curies":[{"name":"wp","href":"https:\/\/api.w.org\/{rel}","templated":true}]}}