{"id":1766,"date":"2019-01-21T08:18:14","date_gmt":"2019-01-21T11:18:14","guid":{"rendered":"https:\/\/www.capeca.org.ar\/?p=1766"},"modified":"2019-01-21T08:18:14","modified_gmt":"2019-01-21T11:18:14","slug":"hay-que-recuperar-la-tradicion-de-comer-pescado","status":"publish","type":"post","link":"https:\/\/www.capeca.org.ar\/index.php\/2019\/01\/21\/hay-que-recuperar-la-tradicion-de-comer-pescado\/","title":{"rendered":"\u00abHay que recuperar la tradici\u00f3n de comer pescado\u00bb"},"content":{"rendered":"<p class=\"bajada\">La Secretar\u00eda de Agroindustria de la Naci\u00f3n, a trav\u00e9s de la Subsecretar\u00eda de Pesca y Acuicultura promociona el consumo de pescado y mariscos bajo el lema \u00abLos 19 de cada mes comemos pescado\u201d. La propuesta es que, al igual que los \u00f1oquis del 29, todos los 19 de cada mes los argentinos coman pescado.<\/p>\n<div class=\"body-text\">\n<p>Este fin de semana, Mar del Plata fue la elegida para promocionar el consumo de pescado y mariscos, a trav\u00e9s de stands en la Banquina y en la Fiesta Nacional de los Pescadores. Cientos de turistas y marplatenses, recibieron recetas, material informativo y degustaron exquisitas bruschetas con boquerones, caballa y ancho\u00edta.<\/p>\n<p>El lanzamiento oficial de la campa\u00f1a se llev\u00f3 a cabo en el sal\u00f3n de Coomarpes y estuvo a cargo de<strong>\u00a0Juan Bosch,<\/strong>\u00a0subsecretario de Pesca y Acuicultura de la Naci\u00f3n. Estuvo acompa\u00f1ado por\u00a0<strong>Marcela \u00c1lvarez,<\/strong>coordinadora de Promoci\u00f3n del Consumo de Recursos Vivos del Mar y por\u00a0<strong>Sebasti\u00e1n Agliano,<\/strong>\u00a0Gerente de la Asociaci\u00f3n de Embarcaciones de Pesca Costera de nuestra ciudad.<\/p>\n<p class=\"\">El acto cont\u00f3 con la presencia del Director Provincial de Pesca,\u00a0<strong>Miguel Dobarro;\u00a0<\/strong>el interventor del INIDEP, CL (re)\u00a0<strong>H\u00e9ctor Marcelo Lobbosco;\u00a0<\/strong>el presidente del Consorcio Portuario Regional,\u00a0<strong>Mart\u00edn Merlini;<\/strong>\u00a0la titular\u00a0del Emtur,\u00a0<strong>Gabriela Magnoler;<\/strong>\u00a0miembros de Prefectura Naval Mar del Plata; representantes de c\u00e1maras, asociaciones y sindicatos del sector pesquero.<\/p>\n<p>Sebasti\u00e1n Agliano, gerente de la Asociaci\u00f3n de Embarcaciones de Pesca Costera, agradeci\u00f3 la presencia de las autoridades y en particular por haber elegido a nuestra ciudad para realizar la campa\u00f1a: \u00abPara Coomarpes y para nuestra entidad que nuclea a 45 embarcaciones de pesca costera es un orgullo tenerlos hoy aqu\u00ed. Para nosotros el consumo de pescado es muy importante y esperamos que este tipo de campa\u00f1as se repitan a lo largo del tiempo y que se extienda a toda la provincia y el pa\u00eds. Entendemos que hay que tratar de incentivar la producci\u00f3n\u00bb.<\/p>\n<p>Por su parte, Marcela Alvarez, agradeci\u00f3 a las instituciones y organizaciones que colaboraron con la campa\u00f1a: \u00abEste es un trabajo que venimos realizando desde hace 2 a\u00f1os y medio. Estar en el mes de enero en Mar del Plata, que es una de las ciudades principales desde el punto de vista pesquero para nosotros es muy importante. Quiero agradecer a los due\u00f1os de casa, a Coomarpes que nos invitaron a utilizar sus instalaciones; al INIDEP, con quienes hemos trabajado en conjunto; a las c\u00e1maras, asociaciones, sindicatos; al Consorcio Portuario Regional por permitirnos instalar los stands de promoci\u00f3n; a la Escuela de Pesca; al Ente Municipal de Turismo, quien declar\u00f3 de\u00a0inter\u00e9s tur\u00edstico nuestra campa\u00f1a y permiti\u00f3 que a trav\u00e9s de la Escuela del Uthgra hoy podamos degustar exquisitos platos de mar; a la Asociaci\u00f3n de Embarcaciones de Pesca Costera y a la Sociedad de Patrones Pescadores\u00bb.<\/p>\n<p>Por su parte, el Subsecretario de Pesca, Juan Bosch, afirm\u00f3 que \u00abEl objetivo de nuestra campa\u00f1a es difundir por todo el pa\u00eds el consumo de pescado. Estamos haciendo distintas acciones para que el sector pesquero pueda mostrar su potencial y que el ciudadano sepa la importancia que tiene esta actividad para el pa\u00eds\u00bb.<\/p>\n<p>\u00abArgentina es un pa\u00eds que exporta pr\u00e1cticamente el 90% de su producci\u00f3n; es decir, solamente el 10% es lo que queda para consumo interno. Tenemos un pa\u00eds muy rico, con 200 millas n\u00e1uticas, es decir, nuestro mar equivale a casi cinco provincias de Buenos Aires pero solamente el 10% de nuestra pesca se consume en Argentina, y eso es por dos cuestiones: una es cultural y la otra, log\u00edstica\u00bb, asegur\u00f3 Bosch.<\/p>\n<p>Adem\u00e1s, expres\u00f3: \u00abDebemos llevar conciencia a las familias para que coman pescado porque es sano, saludable y lo tenemos en nuestro pa\u00eds\u201d, expres\u00f3 Bosch, quien adem\u00e1s, inform\u00f3: \u00abA nivel mundial se consumen aproximadamente 20 kg. por habitante al a\u00f1o; en Am\u00e9rica Latina, 10 kg por habitante y en nuestro pa\u00eds, un promedio de 5 kg. Estamos muy por debajo de la media\u00bb.<\/p>\n<p>Al mencionar esos datos, Bosch reflexion\u00f3: \u201cHay que recuperar la tradici\u00f3n de comer pescado que trajeron los inmigrantes, quienes primero desarrollaron la actividad en Mar del Plata y luego la extendieron a otras partes del pa\u00eds. Los argentinos solemos juntarnos mucho a comer un asado con la familia, amigos, hermanos, compa\u00f1eros de trabajos. Es algo muy t\u00edpico juntarse a comer pero por qu\u00e9 no juntarse a comer un pescado a la parrilla, o que la entrada sea algo con pescado\u00bb.<\/p>\n<p class=\"\">\u00abTenemos muchos productos, aunque a veces se piense que nuestro pescado es solo la milanesa de merluza; es mucho mas que eso. Tenemos pescado de r\u00edo, de acuicultura, mariscos, calamar; tenemos distintas calidades de pescado, como una merluza de excelente calidad. Lo que est\u00e1 faltando es la cultura de comer pescado. Tenemos que llevar el pescado a la mesa de los argentinos con cosas ricas, con buenas recetas\u00bb, manifest\u00f3 el subsecretario de pesca quien adem\u00e1s advirti\u00f3: \u00abEn muchos casos, los turistas argentinos en el exterior piden pescados en restaurantes sin saber que provienen de nuestro pa\u00eds. Entendemos que a nosotros nos falta saber cocinarlo rico. Por este motivo, estamos trabajando con el Instituto Nacional de Investigaci\u00f3n y Desarrollo Pesquero en libros de recetas para ense\u00f1ar a cocinar pescados y mariscos\u00bb.<\/p>\n<p>Por \u00faltimo, Bosch se\u00f1al\u00f3: \u00abLa industria emplea a casi 40 mil personas en forma directa, entre marineros, fileteros, exportadores, m\u00e1s lo que se derrama en todos los puertos. Se trata de un sector muy importante para todo el interior, para todos los puertos y provincias costeras, dado que son econom\u00edas regionales muy fuertes\u00bb.<\/p>\n<p>Fuente: www.0223.com.ar<\/p>\n<\/div>\n","protected":false},"excerpt":{"rendered":"<p>La Secretar\u00eda de Agroindustria de la Naci\u00f3n, a trav\u00e9s de la Subsecretar\u00eda de Pesca y Acuicultura promociona el consumo de pescado y mariscos bajo el lema \u00abLos 19 de cada mes comemos pescado\u201d. La propuesta es que, al igual que los \u00f1oquis del 29, todos los 19 de cada mes los argentinos coman pescado. Este fin de semana, Mar del Plata fue la elegida para promocionar el consumo de pescado y mariscos, a trav\u00e9s de stands en la Banquina y en la Fiesta Nacional de los Pescadores. Cientos de turistas y marplatenses, recibieron recetas, material informativo y degustaron exquisitas bruschetas con boquerones, caballa y ancho\u00edta. El lanzamiento oficial de la campa\u00f1a se llev\u00f3 a cabo en el sal\u00f3n de Coomarpes y estuvo a cargo de\u00a0Juan Bosch,\u00a0subsecretario de Pesca y Acuicultura de la Naci\u00f3n. Estuvo acompa\u00f1ado por\u00a0Marcela \u00c1lvarez,coordinadora de Promoci\u00f3n del Consumo de Recursos Vivos del Mar y por\u00a0Sebasti\u00e1n Agliano,\u00a0Gerente de la Asociaci\u00f3n de Embarcaciones de Pesca Costera de nuestra ciudad. El acto cont\u00f3 con la presencia del Director Provincial de Pesca,\u00a0Miguel Dobarro;\u00a0el interventor del INIDEP, CL (re)\u00a0H\u00e9ctor Marcelo Lobbosco;\u00a0el presidente del Consorcio Portuario Regional,\u00a0Mart\u00edn Merlini;\u00a0la titular\u00a0del Emtur,\u00a0Gabriela Magnoler;\u00a0miembros de Prefectura Naval Mar del Plata; representantes de c\u00e1maras, asociaciones y sindicatos del sector pesquero. Sebasti\u00e1n Agliano, gerente de la Asociaci\u00f3n de Embarcaciones de Pesca Costera, agradeci\u00f3 la presencia de las autoridades y en particular por haber elegido a nuestra ciudad para realizar la campa\u00f1a: \u00abPara Coomarpes y para nuestra entidad que nuclea a 45 embarcaciones de pesca costera es un orgullo tenerlos hoy aqu\u00ed. Para nosotros el consumo de pescado es muy importante y esperamos que este tipo de campa\u00f1as se repitan a lo largo del tiempo y que se extienda a toda la provincia y el pa\u00eds. Entendemos que hay que tratar de incentivar la producci\u00f3n\u00bb. Por su parte, Marcela Alvarez, agradeci\u00f3 a las instituciones y organizaciones que colaboraron con la campa\u00f1a: \u00abEste es un trabajo que venimos realizando desde hace 2 a\u00f1os y medio. Estar en el mes de enero en Mar del Plata, que es una de las ciudades principales desde el punto de vista pesquero para nosotros es muy importante. Quiero agradecer a los due\u00f1os de casa, a Coomarpes que nos invitaron a utilizar sus instalaciones; al INIDEP, con quienes hemos trabajado en conjunto; a las c\u00e1maras, asociaciones, sindicatos; al Consorcio Portuario Regional por permitirnos instalar los stands de promoci\u00f3n; a la Escuela de Pesca; al Ente Municipal de Turismo, quien declar\u00f3 de\u00a0inter\u00e9s tur\u00edstico nuestra campa\u00f1a y permiti\u00f3 que a trav\u00e9s de la Escuela del Uthgra hoy podamos degustar exquisitos platos de mar; a la Asociaci\u00f3n de Embarcaciones de Pesca Costera y a la Sociedad de Patrones Pescadores\u00bb. Por su parte, el Subsecretario de Pesca, Juan Bosch, afirm\u00f3 que \u00abEl objetivo de nuestra campa\u00f1a es difundir por todo el pa\u00eds el consumo de pescado. Estamos haciendo distintas acciones para que el sector pesquero pueda mostrar su potencial y que el ciudadano sepa la importancia que tiene esta actividad para el pa\u00eds\u00bb. \u00abArgentina es un pa\u00eds que exporta pr\u00e1cticamente el 90% de su producci\u00f3n; es decir, solamente el 10% es lo que queda para consumo interno. Tenemos un pa\u00eds muy rico, con 200 millas n\u00e1uticas, es decir, nuestro mar equivale a casi cinco provincias de Buenos Aires pero solamente el 10% de nuestra pesca se consume en Argentina, y eso es por dos cuestiones: una es cultural y la otra, log\u00edstica\u00bb, asegur\u00f3 Bosch. Adem\u00e1s, expres\u00f3: \u00abDebemos llevar conciencia a las familias para que coman pescado porque es sano, saludable y lo tenemos en nuestro pa\u00eds\u201d, expres\u00f3 Bosch, quien adem\u00e1s, inform\u00f3: \u00abA nivel mundial se consumen aproximadamente 20 kg. por habitante al a\u00f1o; en Am\u00e9rica Latina, 10 kg por habitante y en nuestro pa\u00eds, un promedio de 5 kg. Estamos muy por debajo de la media\u00bb. Al mencionar esos datos, Bosch reflexion\u00f3: \u201cHay que recuperar la tradici\u00f3n de comer pescado que trajeron los inmigrantes, quienes primero desarrollaron la actividad en Mar del Plata y luego la extendieron a otras partes del pa\u00eds. Los argentinos solemos juntarnos mucho a comer un asado con la familia, amigos, hermanos, compa\u00f1eros de trabajos. Es algo muy t\u00edpico juntarse a comer pero por qu\u00e9 no juntarse a comer un pescado a la parrilla, o que la entrada sea algo con pescado\u00bb. \u00abTenemos muchos productos, aunque a veces se piense que nuestro pescado es solo la milanesa de merluza; es mucho mas que eso. Tenemos pescado de r\u00edo, de acuicultura, mariscos, calamar; tenemos distintas calidades de pescado, como una merluza de excelente calidad. Lo que est\u00e1 faltando es la cultura de comer pescado. Tenemos que llevar el pescado a la mesa de los argentinos con cosas ricas, con buenas recetas\u00bb, manifest\u00f3 el subsecretario de pesca quien adem\u00e1s advirti\u00f3: \u00abEn muchos casos, los turistas argentinos en el exterior piden pescados en restaurantes sin saber que provienen de nuestro pa\u00eds. Entendemos que a nosotros nos falta saber cocinarlo rico. Por este motivo, estamos trabajando con el Instituto Nacional de Investigaci\u00f3n y Desarrollo Pesquero en libros de recetas para ense\u00f1ar a cocinar pescados y mariscos\u00bb. Por \u00faltimo, Bosch se\u00f1al\u00f3: \u00abLa industria emplea a casi 40 mil personas en forma directa, entre marineros, fileteros, exportadores, m\u00e1s lo que se derrama en todos los puertos. Se trata de un sector muy importante para todo el interior, para todos los puertos y provincias costeras, dado que son econom\u00edas regionales muy fuertes\u00bb. Fuente: www.0223.com.ar<\/p>\n","protected":false},"author":2,"featured_media":1767,"comment_status":"open","ping_status":"open","sticky":false,"template":"","format":"standard","meta":{"_monsterinsights_skip_tracking":false,"_monsterinsights_sitenote_active":false,"_monsterinsights_sitenote_note":"","_monsterinsights_sitenote_category":0,"neve_meta_sidebar":"","neve_meta_container":"","neve_meta_enable_content_width":"","neve_meta_content_width":0,"neve_meta_title_alignment":"","neve_meta_author_avatar":"","neve_post_elements_order":"","neve_meta_disable_header":"","neve_meta_disable_footer":"","neve_meta_disable_title":"","footnotes":""},"categories":[1],"tags":[32,57,58],"class_list":["post-1766","post","type-post","status-publish","format-standard","has-post-thumbnail","hentry","category-noticias","tag-capeca","tag-pesca","tag-pesca-argentina"],"yoast_head":"<!-- This site is optimized with the Yoast SEO plugin v24.1 - https:\/\/yoast.com\/wordpress\/plugins\/seo\/ -->\n<title>&quot;Hay que recuperar la tradici\u00f3n de comer pescado&quot; - C.A.Pe.C.A.<\/title>\n<meta name=\"robots\" content=\"index, follow, max-snippet:-1, max-image-preview:large, max-video-preview:-1\" \/>\n<link rel=\"canonical\" href=\"https:\/\/www.capeca.org.ar\/index.php\/2019\/01\/21\/hay-que-recuperar-la-tradicion-de-comer-pescado\/\" \/>\n<meta property=\"og:locale\" content=\"es_ES\" \/>\n<meta property=\"og:type\" content=\"article\" \/>\n<meta property=\"og:title\" content=\"&quot;Hay que recuperar la tradici\u00f3n de comer pescado&quot; - C.A.Pe.C.A.\" \/>\n<meta property=\"og:description\" content=\"La Secretar\u00eda de Agroindustria de la Naci\u00f3n, a trav\u00e9s de la Subsecretar\u00eda de Pesca y Acuicultura promociona el consumo de pescado y mariscos bajo el lema \u00abLos 19 de cada mes comemos pescado\u201d. La propuesta es que, al igual que los \u00f1oquis del 29, todos los 19 de cada mes los argentinos coman pescado. Este fin de semana, Mar del Plata fue la elegida para promocionar el consumo de pescado y mariscos, a trav\u00e9s de stands en la Banquina y en la Fiesta Nacional de los Pescadores. Cientos de turistas y marplatenses, recibieron recetas, material informativo y degustaron exquisitas bruschetas con boquerones, caballa y ancho\u00edta. El lanzamiento oficial de la campa\u00f1a se llev\u00f3 a cabo en el sal\u00f3n de Coomarpes y estuvo a cargo de\u00a0Juan Bosch,\u00a0subsecretario de Pesca y Acuicultura de la Naci\u00f3n. Estuvo acompa\u00f1ado por\u00a0Marcela \u00c1lvarez,coordinadora de Promoci\u00f3n del Consumo de Recursos Vivos del Mar y por\u00a0Sebasti\u00e1n Agliano,\u00a0Gerente de la Asociaci\u00f3n de Embarcaciones de Pesca Costera de nuestra ciudad. El acto cont\u00f3 con la presencia del Director Provincial de Pesca,\u00a0Miguel Dobarro;\u00a0el interventor del INIDEP, CL (re)\u00a0H\u00e9ctor Marcelo Lobbosco;\u00a0el presidente del Consorcio Portuario Regional,\u00a0Mart\u00edn Merlini;\u00a0la titular\u00a0del Emtur,\u00a0Gabriela Magnoler;\u00a0miembros de Prefectura Naval Mar del Plata; representantes de c\u00e1maras, asociaciones y sindicatos del sector pesquero. Sebasti\u00e1n Agliano, gerente de la Asociaci\u00f3n de Embarcaciones de Pesca Costera, agradeci\u00f3 la presencia de las autoridades y en particular por haber elegido a nuestra ciudad para realizar la campa\u00f1a: \u00abPara Coomarpes y para nuestra entidad que nuclea a 45 embarcaciones de pesca costera es un orgullo tenerlos hoy aqu\u00ed. Para nosotros el consumo de pescado es muy importante y esperamos que este tipo de campa\u00f1as se repitan a lo largo del tiempo y que se extienda a toda la provincia y el pa\u00eds. Entendemos que hay que tratar de incentivar la producci\u00f3n\u00bb. Por su parte, Marcela Alvarez, agradeci\u00f3 a las instituciones y organizaciones que colaboraron con la campa\u00f1a: \u00abEste es un trabajo que venimos realizando desde hace 2 a\u00f1os y medio. Estar en el mes de enero en Mar del Plata, que es una de las ciudades principales desde el punto de vista pesquero para nosotros es muy importante. Quiero agradecer a los due\u00f1os de casa, a Coomarpes que nos invitaron a utilizar sus instalaciones; al INIDEP, con quienes hemos trabajado en conjunto; a las c\u00e1maras, asociaciones, sindicatos; al Consorcio Portuario Regional por permitirnos instalar los stands de promoci\u00f3n; a la Escuela de Pesca; al Ente Municipal de Turismo, quien declar\u00f3 de\u00a0inter\u00e9s tur\u00edstico nuestra campa\u00f1a y permiti\u00f3 que a trav\u00e9s de la Escuela del Uthgra hoy podamos degustar exquisitos platos de mar; a la Asociaci\u00f3n de Embarcaciones de Pesca Costera y a la Sociedad de Patrones Pescadores\u00bb. Por su parte, el Subsecretario de Pesca, Juan Bosch, afirm\u00f3 que \u00abEl objetivo de nuestra campa\u00f1a es difundir por todo el pa\u00eds el consumo de pescado. Estamos haciendo distintas acciones para que el sector pesquero pueda mostrar su potencial y que el ciudadano sepa la importancia que tiene esta actividad para el pa\u00eds\u00bb. \u00abArgentina es un pa\u00eds que exporta pr\u00e1cticamente el 90% de su producci\u00f3n; es decir, solamente el 10% es lo que queda para consumo interno. Tenemos un pa\u00eds muy rico, con 200 millas n\u00e1uticas, es decir, nuestro mar equivale a casi cinco provincias de Buenos Aires pero solamente el 10% de nuestra pesca se consume en Argentina, y eso es por dos cuestiones: una es cultural y la otra, log\u00edstica\u00bb, asegur\u00f3 Bosch. Adem\u00e1s, expres\u00f3: \u00abDebemos llevar conciencia a las familias para que coman pescado porque es sano, saludable y lo tenemos en nuestro pa\u00eds\u201d, expres\u00f3 Bosch, quien adem\u00e1s, inform\u00f3: \u00abA nivel mundial se consumen aproximadamente 20 kg. por habitante al a\u00f1o; en Am\u00e9rica Latina, 10 kg por habitante y en nuestro pa\u00eds, un promedio de 5 kg. Estamos muy por debajo de la media\u00bb. Al mencionar esos datos, Bosch reflexion\u00f3: \u201cHay que recuperar la tradici\u00f3n de comer pescado que trajeron los inmigrantes, quienes primero desarrollaron la actividad en Mar del Plata y luego la extendieron a otras partes del pa\u00eds. Los argentinos solemos juntarnos mucho a comer un asado con la familia, amigos, hermanos, compa\u00f1eros de trabajos. Es algo muy t\u00edpico juntarse a comer pero por qu\u00e9 no juntarse a comer un pescado a la parrilla, o que la entrada sea algo con pescado\u00bb. \u00abTenemos muchos productos, aunque a veces se piense que nuestro pescado es solo la milanesa de merluza; es mucho mas que eso. Tenemos pescado de r\u00edo, de acuicultura, mariscos, calamar; tenemos distintas calidades de pescado, como una merluza de excelente calidad. Lo que est\u00e1 faltando es la cultura de comer pescado. Tenemos que llevar el pescado a la mesa de los argentinos con cosas ricas, con buenas recetas\u00bb, manifest\u00f3 el subsecretario de pesca quien adem\u00e1s advirti\u00f3: \u00abEn muchos casos, los turistas argentinos en el exterior piden pescados en restaurantes sin saber que provienen de nuestro pa\u00eds. Entendemos que a nosotros nos falta saber cocinarlo rico. Por este motivo, estamos trabajando con el Instituto Nacional de Investigaci\u00f3n y Desarrollo Pesquero en libros de recetas para ense\u00f1ar a cocinar pescados y mariscos\u00bb. Por \u00faltimo, Bosch se\u00f1al\u00f3: \u00abLa industria emplea a casi 40 mil personas en forma directa, entre marineros, fileteros, exportadores, m\u00e1s lo que se derrama en todos los puertos. Se trata de un sector muy importante para todo el interior, para todos los puertos y provincias costeras, dado que son econom\u00edas regionales muy fuertes\u00bb. Fuente: www.0223.com.ar\" \/>\n<meta property=\"og:url\" content=\"https:\/\/www.capeca.org.ar\/index.php\/2019\/01\/21\/hay-que-recuperar-la-tradicion-de-comer-pescado\/\" \/>\n<meta property=\"og:site_name\" content=\"C.A.Pe.C.A.\" \/>\n<meta property=\"article:published_time\" content=\"2019-01-21T11:18:14+00:00\" \/>\n<meta property=\"og:image\" content=\"https:\/\/www.capeca.org.ar\/wp\/wp-content\/uploads\/2019\/01\/1548019186555.jpg\" \/>\n\t<meta property=\"og:image:width\" content=\"630\" \/>\n\t<meta property=\"og:image:height\" content=\"400\" \/>\n\t<meta property=\"og:image:type\" content=\"image\/jpeg\" \/>\n<meta name=\"author\" content=\"CAPeCA\" \/>\n<meta name=\"twitter:card\" content=\"summary_large_image\" \/>\n<meta name=\"twitter:label1\" content=\"Escrito por\" \/>\n\t<meta name=\"twitter:data1\" content=\"CAPeCA\" \/>\n\t<meta name=\"twitter:label2\" content=\"Tiempo de lectura\" \/>\n\t<meta name=\"twitter:data2\" content=\"5 minutos\" \/>\n<script type=\"application\/ld+json\" class=\"yoast-schema-graph\">{\"@context\":\"https:\/\/schema.org\",\"@graph\":[{\"@type\":\"WebPage\",\"@id\":\"https:\/\/www.capeca.org.ar\/index.php\/2019\/01\/21\/hay-que-recuperar-la-tradicion-de-comer-pescado\/\",\"url\":\"https:\/\/www.capeca.org.ar\/index.php\/2019\/01\/21\/hay-que-recuperar-la-tradicion-de-comer-pescado\/\",\"name\":\"\\\"Hay que recuperar la tradici\u00f3n de comer pescado\\\" - C.A.Pe.C.A.\",\"isPartOf\":{\"@id\":\"https:\/\/www.capeca.org.ar\/#website\"},\"primaryImageOfPage\":{\"@id\":\"https:\/\/www.capeca.org.ar\/index.php\/2019\/01\/21\/hay-que-recuperar-la-tradicion-de-comer-pescado\/#primaryimage\"},\"image\":{\"@id\":\"https:\/\/www.capeca.org.ar\/index.php\/2019\/01\/21\/hay-que-recuperar-la-tradicion-de-comer-pescado\/#primaryimage\"},\"thumbnailUrl\":\"https:\/\/www.capeca.org.ar\/wp\/wp-content\/uploads\/2019\/01\/1548019186555.jpg\",\"datePublished\":\"2019-01-21T11:18:14+00:00\",\"dateModified\":\"2019-01-21T11:18:14+00:00\",\"author\":{\"@id\":\"https:\/\/www.capeca.org.ar\/#\/schema\/person\/43dc64f7ef5c0482f883f13c92a1b947\"},\"breadcrumb\":{\"@id\":\"https:\/\/www.capeca.org.ar\/index.php\/2019\/01\/21\/hay-que-recuperar-la-tradicion-de-comer-pescado\/#breadcrumb\"},\"inLanguage\":\"es\",\"potentialAction\":[{\"@type\":\"ReadAction\",\"target\":[\"https:\/\/www.capeca.org.ar\/index.php\/2019\/01\/21\/hay-que-recuperar-la-tradicion-de-comer-pescado\/\"]}]},{\"@type\":\"ImageObject\",\"inLanguage\":\"es\",\"@id\":\"https:\/\/www.capeca.org.ar\/index.php\/2019\/01\/21\/hay-que-recuperar-la-tradicion-de-comer-pescado\/#primaryimage\",\"url\":\"https:\/\/www.capeca.org.ar\/wp\/wp-content\/uploads\/2019\/01\/1548019186555.jpg\",\"contentUrl\":\"https:\/\/www.capeca.org.ar\/wp\/wp-content\/uploads\/2019\/01\/1548019186555.jpg\",\"width\":630,\"height\":400},{\"@type\":\"BreadcrumbList\",\"@id\":\"https:\/\/www.capeca.org.ar\/index.php\/2019\/01\/21\/hay-que-recuperar-la-tradicion-de-comer-pescado\/#breadcrumb\",\"itemListElement\":[{\"@type\":\"ListItem\",\"position\":1,\"name\":\"Portada\",\"item\":\"https:\/\/www.capeca.org.ar\/\"},{\"@type\":\"ListItem\",\"position\":2,\"name\":\"\u00abHay que recuperar la tradici\u00f3n de comer pescado\u00bb\"}]},{\"@type\":\"WebSite\",\"@id\":\"https:\/\/www.capeca.org.ar\/#website\",\"url\":\"https:\/\/www.capeca.org.ar\/\",\"name\":\"C.A.Pe.C.A.\",\"description\":\"C\u00e1mara de Armadores de Pesqueros y Congeladores de la Argentina\",\"potentialAction\":[{\"@type\":\"SearchAction\",\"target\":{\"@type\":\"EntryPoint\",\"urlTemplate\":\"https:\/\/www.capeca.org.ar\/?s={search_term_string}\"},\"query-input\":{\"@type\":\"PropertyValueSpecification\",\"valueRequired\":true,\"valueName\":\"search_term_string\"}}],\"inLanguage\":\"es\"},{\"@type\":\"Person\",\"@id\":\"https:\/\/www.capeca.org.ar\/#\/schema\/person\/43dc64f7ef5c0482f883f13c92a1b947\",\"name\":\"CAPeCA\",\"image\":{\"@type\":\"ImageObject\",\"inLanguage\":\"es\",\"@id\":\"https:\/\/www.capeca.org.ar\/#\/schema\/person\/image\/\",\"url\":\"https:\/\/secure.gravatar.com\/avatar\/236a623f39daa823cf184d241dcde1ff?s=96&d=mm&r=g\",\"contentUrl\":\"https:\/\/secure.gravatar.com\/avatar\/236a623f39daa823cf184d241dcde1ff?s=96&d=mm&r=g\",\"caption\":\"CAPeCA\"},\"url\":\"https:\/\/www.capeca.org.ar\/index.php\/author\/capeca\/\"}]}<\/script>\n<!-- \/ Yoast SEO plugin. -->","yoast_head_json":{"title":"\"Hay que recuperar la tradici\u00f3n de comer pescado\" - C.A.Pe.C.A.","robots":{"index":"index","follow":"follow","max-snippet":"max-snippet:-1","max-image-preview":"max-image-preview:large","max-video-preview":"max-video-preview:-1"},"canonical":"https:\/\/www.capeca.org.ar\/index.php\/2019\/01\/21\/hay-que-recuperar-la-tradicion-de-comer-pescado\/","og_locale":"es_ES","og_type":"article","og_title":"\"Hay que recuperar la tradici\u00f3n de comer pescado\" - C.A.Pe.C.A.","og_description":"La Secretar\u00eda de Agroindustria de la Naci\u00f3n, a trav\u00e9s de la Subsecretar\u00eda de Pesca y Acuicultura promociona el consumo de pescado y mariscos bajo el lema \u00abLos 19 de cada mes comemos pescado\u201d. La propuesta es que, al igual que los \u00f1oquis del 29, todos los 19 de cada mes los argentinos coman pescado. Este fin de semana, Mar del Plata fue la elegida para promocionar el consumo de pescado y mariscos, a trav\u00e9s de stands en la Banquina y en la Fiesta Nacional de los Pescadores. Cientos de turistas y marplatenses, recibieron recetas, material informativo y degustaron exquisitas bruschetas con boquerones, caballa y ancho\u00edta. El lanzamiento oficial de la campa\u00f1a se llev\u00f3 a cabo en el sal\u00f3n de Coomarpes y estuvo a cargo de\u00a0Juan Bosch,\u00a0subsecretario de Pesca y Acuicultura de la Naci\u00f3n. Estuvo acompa\u00f1ado por\u00a0Marcela \u00c1lvarez,coordinadora de Promoci\u00f3n del Consumo de Recursos Vivos del Mar y por\u00a0Sebasti\u00e1n Agliano,\u00a0Gerente de la Asociaci\u00f3n de Embarcaciones de Pesca Costera de nuestra ciudad. El acto cont\u00f3 con la presencia del Director Provincial de Pesca,\u00a0Miguel Dobarro;\u00a0el interventor del INIDEP, CL (re)\u00a0H\u00e9ctor Marcelo Lobbosco;\u00a0el presidente del Consorcio Portuario Regional,\u00a0Mart\u00edn Merlini;\u00a0la titular\u00a0del Emtur,\u00a0Gabriela Magnoler;\u00a0miembros de Prefectura Naval Mar del Plata; representantes de c\u00e1maras, asociaciones y sindicatos del sector pesquero. Sebasti\u00e1n Agliano, gerente de la Asociaci\u00f3n de Embarcaciones de Pesca Costera, agradeci\u00f3 la presencia de las autoridades y en particular por haber elegido a nuestra ciudad para realizar la campa\u00f1a: \u00abPara Coomarpes y para nuestra entidad que nuclea a 45 embarcaciones de pesca costera es un orgullo tenerlos hoy aqu\u00ed. Para nosotros el consumo de pescado es muy importante y esperamos que este tipo de campa\u00f1as se repitan a lo largo del tiempo y que se extienda a toda la provincia y el pa\u00eds. Entendemos que hay que tratar de incentivar la producci\u00f3n\u00bb. Por su parte, Marcela Alvarez, agradeci\u00f3 a las instituciones y organizaciones que colaboraron con la campa\u00f1a: \u00abEste es un trabajo que venimos realizando desde hace 2 a\u00f1os y medio. Estar en el mes de enero en Mar del Plata, que es una de las ciudades principales desde el punto de vista pesquero para nosotros es muy importante. Quiero agradecer a los due\u00f1os de casa, a Coomarpes que nos invitaron a utilizar sus instalaciones; al INIDEP, con quienes hemos trabajado en conjunto; a las c\u00e1maras, asociaciones, sindicatos; al Consorcio Portuario Regional por permitirnos instalar los stands de promoci\u00f3n; a la Escuela de Pesca; al Ente Municipal de Turismo, quien declar\u00f3 de\u00a0inter\u00e9s tur\u00edstico nuestra campa\u00f1a y permiti\u00f3 que a trav\u00e9s de la Escuela del Uthgra hoy podamos degustar exquisitos platos de mar; a la Asociaci\u00f3n de Embarcaciones de Pesca Costera y a la Sociedad de Patrones Pescadores\u00bb. Por su parte, el Subsecretario de Pesca, Juan Bosch, afirm\u00f3 que \u00abEl objetivo de nuestra campa\u00f1a es difundir por todo el pa\u00eds el consumo de pescado. Estamos haciendo distintas acciones para que el sector pesquero pueda mostrar su potencial y que el ciudadano sepa la importancia que tiene esta actividad para el pa\u00eds\u00bb. \u00abArgentina es un pa\u00eds que exporta pr\u00e1cticamente el 90% de su producci\u00f3n; es decir, solamente el 10% es lo que queda para consumo interno. Tenemos un pa\u00eds muy rico, con 200 millas n\u00e1uticas, es decir, nuestro mar equivale a casi cinco provincias de Buenos Aires pero solamente el 10% de nuestra pesca se consume en Argentina, y eso es por dos cuestiones: una es cultural y la otra, log\u00edstica\u00bb, asegur\u00f3 Bosch. Adem\u00e1s, expres\u00f3: \u00abDebemos llevar conciencia a las familias para que coman pescado porque es sano, saludable y lo tenemos en nuestro pa\u00eds\u201d, expres\u00f3 Bosch, quien adem\u00e1s, inform\u00f3: \u00abA nivel mundial se consumen aproximadamente 20 kg. por habitante al a\u00f1o; en Am\u00e9rica Latina, 10 kg por habitante y en nuestro pa\u00eds, un promedio de 5 kg. Estamos muy por debajo de la media\u00bb. Al mencionar esos datos, Bosch reflexion\u00f3: \u201cHay que recuperar la tradici\u00f3n de comer pescado que trajeron los inmigrantes, quienes primero desarrollaron la actividad en Mar del Plata y luego la extendieron a otras partes del pa\u00eds. Los argentinos solemos juntarnos mucho a comer un asado con la familia, amigos, hermanos, compa\u00f1eros de trabajos. Es algo muy t\u00edpico juntarse a comer pero por qu\u00e9 no juntarse a comer un pescado a la parrilla, o que la entrada sea algo con pescado\u00bb. \u00abTenemos muchos productos, aunque a veces se piense que nuestro pescado es solo la milanesa de merluza; es mucho mas que eso. Tenemos pescado de r\u00edo, de acuicultura, mariscos, calamar; tenemos distintas calidades de pescado, como una merluza de excelente calidad. Lo que est\u00e1 faltando es la cultura de comer pescado. Tenemos que llevar el pescado a la mesa de los argentinos con cosas ricas, con buenas recetas\u00bb, manifest\u00f3 el subsecretario de pesca quien adem\u00e1s advirti\u00f3: \u00abEn muchos casos, los turistas argentinos en el exterior piden pescados en restaurantes sin saber que provienen de nuestro pa\u00eds. Entendemos que a nosotros nos falta saber cocinarlo rico. Por este motivo, estamos trabajando con el Instituto Nacional de Investigaci\u00f3n y Desarrollo Pesquero en libros de recetas para ense\u00f1ar a cocinar pescados y mariscos\u00bb. Por \u00faltimo, Bosch se\u00f1al\u00f3: \u00abLa industria emplea a casi 40 mil personas en forma directa, entre marineros, fileteros, exportadores, m\u00e1s lo que se derrama en todos los puertos. Se trata de un sector muy importante para todo el interior, para todos los puertos y provincias costeras, dado que son econom\u00edas regionales muy fuertes\u00bb. Fuente: www.0223.com.ar","og_url":"https:\/\/www.capeca.org.ar\/index.php\/2019\/01\/21\/hay-que-recuperar-la-tradicion-de-comer-pescado\/","og_site_name":"C.A.Pe.C.A.","article_published_time":"2019-01-21T11:18:14+00:00","og_image":[{"width":630,"height":400,"url":"https:\/\/www.capeca.org.ar\/wp\/wp-content\/uploads\/2019\/01\/1548019186555.jpg","type":"image\/jpeg"}],"author":"CAPeCA","twitter_card":"summary_large_image","twitter_misc":{"Escrito por":"CAPeCA","Tiempo de lectura":"5 minutos"},"schema":{"@context":"https:\/\/schema.org","@graph":[{"@type":"WebPage","@id":"https:\/\/www.capeca.org.ar\/index.php\/2019\/01\/21\/hay-que-recuperar-la-tradicion-de-comer-pescado\/","url":"https:\/\/www.capeca.org.ar\/index.php\/2019\/01\/21\/hay-que-recuperar-la-tradicion-de-comer-pescado\/","name":"\"Hay que recuperar la tradici\u00f3n de comer pescado\" - C.A.Pe.C.A.","isPartOf":{"@id":"https:\/\/www.capeca.org.ar\/#website"},"primaryImageOfPage":{"@id":"https:\/\/www.capeca.org.ar\/index.php\/2019\/01\/21\/hay-que-recuperar-la-tradicion-de-comer-pescado\/#primaryimage"},"image":{"@id":"https:\/\/www.capeca.org.ar\/index.php\/2019\/01\/21\/hay-que-recuperar-la-tradicion-de-comer-pescado\/#primaryimage"},"thumbnailUrl":"https:\/\/www.capeca.org.ar\/wp\/wp-content\/uploads\/2019\/01\/1548019186555.jpg","datePublished":"2019-01-21T11:18:14+00:00","dateModified":"2019-01-21T11:18:14+00:00","author":{"@id":"https:\/\/www.capeca.org.ar\/#\/schema\/person\/43dc64f7ef5c0482f883f13c92a1b947"},"breadcrumb":{"@id":"https:\/\/www.capeca.org.ar\/index.php\/2019\/01\/21\/hay-que-recuperar-la-tradicion-de-comer-pescado\/#breadcrumb"},"inLanguage":"es","potentialAction":[{"@type":"ReadAction","target":["https:\/\/www.capeca.org.ar\/index.php\/2019\/01\/21\/hay-que-recuperar-la-tradicion-de-comer-pescado\/"]}]},{"@type":"ImageObject","inLanguage":"es","@id":"https:\/\/www.capeca.org.ar\/index.php\/2019\/01\/21\/hay-que-recuperar-la-tradicion-de-comer-pescado\/#primaryimage","url":"https:\/\/www.capeca.org.ar\/wp\/wp-content\/uploads\/2019\/01\/1548019186555.jpg","contentUrl":"https:\/\/www.capeca.org.ar\/wp\/wp-content\/uploads\/2019\/01\/1548019186555.jpg","width":630,"height":400},{"@type":"BreadcrumbList","@id":"https:\/\/www.capeca.org.ar\/index.php\/2019\/01\/21\/hay-que-recuperar-la-tradicion-de-comer-pescado\/#breadcrumb","itemListElement":[{"@type":"ListItem","position":1,"name":"Portada","item":"https:\/\/www.capeca.org.ar\/"},{"@type":"ListItem","position":2,"name":"\u00abHay que recuperar la tradici\u00f3n de comer pescado\u00bb"}]},{"@type":"WebSite","@id":"https:\/\/www.capeca.org.ar\/#website","url":"https:\/\/www.capeca.org.ar\/","name":"C.A.Pe.C.A.","description":"C\u00e1mara de Armadores de Pesqueros y Congeladores de la Argentina","potentialAction":[{"@type":"SearchAction","target":{"@type":"EntryPoint","urlTemplate":"https:\/\/www.capeca.org.ar\/?s={search_term_string}"},"query-input":{"@type":"PropertyValueSpecification","valueRequired":true,"valueName":"search_term_string"}}],"inLanguage":"es"},{"@type":"Person","@id":"https:\/\/www.capeca.org.ar\/#\/schema\/person\/43dc64f7ef5c0482f883f13c92a1b947","name":"CAPeCA","image":{"@type":"ImageObject","inLanguage":"es","@id":"https:\/\/www.capeca.org.ar\/#\/schema\/person\/image\/","url":"https:\/\/secure.gravatar.com\/avatar\/236a623f39daa823cf184d241dcde1ff?s=96&d=mm&r=g","contentUrl":"https:\/\/secure.gravatar.com\/avatar\/236a623f39daa823cf184d241dcde1ff?s=96&d=mm&r=g","caption":"CAPeCA"},"url":"https:\/\/www.capeca.org.ar\/index.php\/author\/capeca\/"}]}},"_links":{"self":[{"href":"https:\/\/www.capeca.org.ar\/index.php\/wp-json\/wp\/v2\/posts\/1766","targetHints":{"allow":["GET"]}}],"collection":[{"href":"https:\/\/www.capeca.org.ar\/index.php\/wp-json\/wp\/v2\/posts"}],"about":[{"href":"https:\/\/www.capeca.org.ar\/index.php\/wp-json\/wp\/v2\/types\/post"}],"author":[{"embeddable":true,"href":"https:\/\/www.capeca.org.ar\/index.php\/wp-json\/wp\/v2\/users\/2"}],"replies":[{"embeddable":true,"href":"https:\/\/www.capeca.org.ar\/index.php\/wp-json\/wp\/v2\/comments?post=1766"}],"version-history":[{"count":1,"href":"https:\/\/www.capeca.org.ar\/index.php\/wp-json\/wp\/v2\/posts\/1766\/revisions"}],"predecessor-version":[{"id":1768,"href":"https:\/\/www.capeca.org.ar\/index.php\/wp-json\/wp\/v2\/posts\/1766\/revisions\/1768"}],"wp:featuredmedia":[{"embeddable":true,"href":"https:\/\/www.capeca.org.ar\/index.php\/wp-json\/wp\/v2\/media\/1767"}],"wp:attachment":[{"href":"https:\/\/www.capeca.org.ar\/index.php\/wp-json\/wp\/v2\/media?parent=1766"}],"wp:term":[{"taxonomy":"category","embeddable":true,"href":"https:\/\/www.capeca.org.ar\/index.php\/wp-json\/wp\/v2\/categories?post=1766"},{"taxonomy":"post_tag","embeddable":true,"href":"https:\/\/www.capeca.org.ar\/index.php\/wp-json\/wp\/v2\/tags?post=1766"}],"curies":[{"name":"wp","href":"https:\/\/api.w.org\/{rel}","templated":true}]}}