{"id":1761,"date":"2019-01-15T20:14:43","date_gmt":"2019-01-15T23:14:43","guid":{"rendered":"https:\/\/www.capeca.org.ar\/?p=1761"},"modified":"2019-01-15T20:48:05","modified_gmt":"2019-01-15T23:48:05","slug":"capeca-participo-hoy-de-la-5-reunion-de-la-mesa-de-competitividad-pesquera-en-puerto-madryn","status":"publish","type":"post","link":"https:\/\/www.capeca.org.ar\/index.php\/2019\/01\/15\/capeca-participo-hoy-de-la-5-reunion-de-la-mesa-de-competitividad-pesquera-en-puerto-madryn\/","title":{"rendered":"CAPeCA particip\u00f3 hoy de la 5\u00b0 reuni\u00f3n de la \u00abmesa de competitividad pesquera\u00bb en Puerto Madryn"},"content":{"rendered":"<div dir=\"auto\">En la ciudad de Puerto Madryn CAPeCA\u00a0particip\u00f3 hoy de la 5\u00b0 reuni\u00f3n de la \u00abmesa de competitividad pesquera\u00bb con la presencia del presidente Mauricio Macri junto a miembros del gabinete nacional.<\/div>\n<div dir=\"auto\"><\/div>\n<div dir=\"auto\">En dicha reuni\u00f3n se trataron temas como la renovaci\u00f3n de la flota pesquera, convenios colectivos de trabajo, \u00e1reas mar\u00edtimas protegidas, campa\u00f1as de investigaci\u00f3n entre otros.<\/div>\n<div dir=\"auto\"><\/div>\n<div dir=\"auto\">Desde CAPeCA se ha destacado la presencia del presidente Macri brindando de este modo un espacio de importancia al sector pesquero.<\/div>\n<div dir=\"auto\"><\/div>\n<div dir=\"auto\">Comunicaci\u00f3n CAPeCA<\/div>\n","protected":false},"excerpt":{"rendered":"<p>En la ciudad de Puerto Madryn CAPeCA\u00a0particip\u00f3 hoy de la 5\u00b0 reuni\u00f3n de la \u00abmesa de competitividad pesquera\u00bb con la presencia del presidente Mauricio Macri junto a miembros del gabinete nacional. En dicha reuni\u00f3n se trataron temas como la renovaci\u00f3n de la flota pesquera, convenios colectivos de trabajo, \u00e1reas mar\u00edtimas protegidas, campa\u00f1as de investigaci\u00f3n entre otros. Desde CAPeCA se ha destacado la presencia del presidente Macri brindando de este modo un espacio de importancia al sector pesquero. Comunicaci\u00f3n CAPeCA<\/p>\n","protected":false},"author":2,"featured_media":1762,"comment_status":"open","ping_status":"open","sticky":false,"template":"","format":"standard","meta":{"_monsterinsights_skip_tracking":false,"_monsterinsights_sitenote_active":false,"_monsterinsights_sitenote_note":"","_monsterinsights_sitenote_category":0,"neve_meta_sidebar":"","neve_meta_container":"","neve_meta_enable_content_width":"","neve_meta_content_width":0,"neve_meta_title_alignment":"","neve_meta_author_avatar":"","neve_post_elements_order":"","neve_meta_disable_header":"","neve_meta_disable_footer":"","neve_meta_disable_title":"","footnotes":""},"categories":[1],"tags":[32,57,58],"class_list":["post-1761","post","type-post","status-publish","format-standard","has-post-thumbnail","hentry","category-noticias","tag-capeca","tag-pesca","tag-pesca-argentina"],"yoast_head":"<!-- This site is optimized with the Yoast SEO plugin v24.1 - https:\/\/yoast.com\/wordpress\/plugins\/seo\/ -->\n<title>CAPeCA particip\u00f3 hoy de la 5\u00b0 reuni\u00f3n de la &quot;mesa de competitividad pesquera&quot; en Puerto Madryn - C.A.Pe.C.A.<\/title>\n<meta name=\"robots\" content=\"index, follow, max-snippet:-1, max-image-preview:large, max-video-preview:-1\" \/>\n<link rel=\"canonical\" href=\"https:\/\/www.capeca.org.ar\/index.php\/2019\/01\/15\/capeca-participo-hoy-de-la-5-reunion-de-la-mesa-de-competitividad-pesquera-en-puerto-madryn\/\" \/>\n<meta property=\"og:locale\" content=\"es_ES\" \/>\n<meta property=\"og:type\" content=\"article\" \/>\n<meta property=\"og:title\" content=\"CAPeCA particip\u00f3 hoy de la 5\u00b0 reuni\u00f3n de la &quot;mesa de competitividad pesquera&quot; en Puerto Madryn - C.A.Pe.C.A.\" \/>\n<meta property=\"og:description\" content=\"En la ciudad de Puerto Madryn CAPeCA\u00a0particip\u00f3 hoy de la 5\u00b0 reuni\u00f3n de la \u00abmesa de competitividad pesquera\u00bb con la presencia del presidente Mauricio Macri junto a miembros del gabinete nacional. En dicha reuni\u00f3n se trataron temas como la renovaci\u00f3n de la flota pesquera, convenios colectivos de trabajo, \u00e1reas mar\u00edtimas protegidas, campa\u00f1as de investigaci\u00f3n entre otros. Desde CAPeCA se ha destacado la presencia del presidente Macri brindando de este modo un espacio de importancia al sector pesquero. Comunicaci\u00f3n CAPeCA\" \/>\n<meta property=\"og:url\" content=\"https:\/\/www.capeca.org.ar\/index.php\/2019\/01\/15\/capeca-participo-hoy-de-la-5-reunion-de-la-mesa-de-competitividad-pesquera-en-puerto-madryn\/\" \/>\n<meta property=\"og:site_name\" content=\"C.A.Pe.C.A.\" \/>\n<meta property=\"article:published_time\" content=\"2019-01-15T23:14:43+00:00\" \/>\n<meta property=\"article:modified_time\" content=\"2019-01-15T23:48:05+00:00\" \/>\n<meta property=\"og:image\" content=\"https:\/\/www.capeca.org.ar\/wp\/wp-content\/uploads\/2019\/01\/IMG-20190115-WA0016.jpg\" \/>\n\t<meta property=\"og:image:width\" content=\"1024\" \/>\n\t<meta property=\"og:image:height\" content=\"458\" \/>\n\t<meta property=\"og:image:type\" content=\"image\/jpeg\" \/>\n<meta name=\"author\" content=\"CAPeCA\" \/>\n<meta name=\"twitter:card\" content=\"summary_large_image\" \/>\n<meta name=\"twitter:label1\" content=\"Escrito por\" \/>\n\t<meta name=\"twitter:data1\" content=\"CAPeCA\" \/>\n<script type=\"application\/ld+json\" class=\"yoast-schema-graph\">{\"@context\":\"https:\/\/schema.org\",\"@graph\":[{\"@type\":\"WebPage\",\"@id\":\"https:\/\/www.capeca.org.ar\/index.php\/2019\/01\/15\/capeca-participo-hoy-de-la-5-reunion-de-la-mesa-de-competitividad-pesquera-en-puerto-madryn\/\",\"url\":\"https:\/\/www.capeca.org.ar\/index.php\/2019\/01\/15\/capeca-participo-hoy-de-la-5-reunion-de-la-mesa-de-competitividad-pesquera-en-puerto-madryn\/\",\"name\":\"CAPeCA particip\u00f3 hoy de la 5\u00b0 reuni\u00f3n de la \\\"mesa de competitividad pesquera\\\" en Puerto Madryn - C.A.Pe.C.A.\",\"isPartOf\":{\"@id\":\"https:\/\/www.capeca.org.ar\/#website\"},\"primaryImageOfPage\":{\"@id\":\"https:\/\/www.capeca.org.ar\/index.php\/2019\/01\/15\/capeca-participo-hoy-de-la-5-reunion-de-la-mesa-de-competitividad-pesquera-en-puerto-madryn\/#primaryimage\"},\"image\":{\"@id\":\"https:\/\/www.capeca.org.ar\/index.php\/2019\/01\/15\/capeca-participo-hoy-de-la-5-reunion-de-la-mesa-de-competitividad-pesquera-en-puerto-madryn\/#primaryimage\"},\"thumbnailUrl\":\"https:\/\/www.capeca.org.ar\/wp\/wp-content\/uploads\/2019\/01\/IMG-20190115-WA0016.jpg\",\"datePublished\":\"2019-01-15T23:14:43+00:00\",\"dateModified\":\"2019-01-15T23:48:05+00:00\",\"author\":{\"@id\":\"https:\/\/www.capeca.org.ar\/#\/schema\/person\/43dc64f7ef5c0482f883f13c92a1b947\"},\"breadcrumb\":{\"@id\":\"https:\/\/www.capeca.org.ar\/index.php\/2019\/01\/15\/capeca-participo-hoy-de-la-5-reunion-de-la-mesa-de-competitividad-pesquera-en-puerto-madryn\/#breadcrumb\"},\"inLanguage\":\"es\",\"potentialAction\":[{\"@type\":\"ReadAction\",\"target\":[\"https:\/\/www.capeca.org.ar\/index.php\/2019\/01\/15\/capeca-participo-hoy-de-la-5-reunion-de-la-mesa-de-competitividad-pesquera-en-puerto-madryn\/\"]}]},{\"@type\":\"ImageObject\",\"inLanguage\":\"es\",\"@id\":\"https:\/\/www.capeca.org.ar\/index.php\/2019\/01\/15\/capeca-participo-hoy-de-la-5-reunion-de-la-mesa-de-competitividad-pesquera-en-puerto-madryn\/#primaryimage\",\"url\":\"https:\/\/www.capeca.org.ar\/wp\/wp-content\/uploads\/2019\/01\/IMG-20190115-WA0016.jpg\",\"contentUrl\":\"https:\/\/www.capeca.org.ar\/wp\/wp-content\/uploads\/2019\/01\/IMG-20190115-WA0016.jpg\",\"width\":1024,\"height\":458},{\"@type\":\"BreadcrumbList\",\"@id\":\"https:\/\/www.capeca.org.ar\/index.php\/2019\/01\/15\/capeca-participo-hoy-de-la-5-reunion-de-la-mesa-de-competitividad-pesquera-en-puerto-madryn\/#breadcrumb\",\"itemListElement\":[{\"@type\":\"ListItem\",\"position\":1,\"name\":\"Portada\",\"item\":\"https:\/\/www.capeca.org.ar\/\"},{\"@type\":\"ListItem\",\"position\":2,\"name\":\"CAPeCA particip\u00f3 hoy de la 5\u00b0 reuni\u00f3n de la \u00abmesa de competitividad pesquera\u00bb en Puerto Madryn\"}]},{\"@type\":\"WebSite\",\"@id\":\"https:\/\/www.capeca.org.ar\/#website\",\"url\":\"https:\/\/www.capeca.org.ar\/\",\"name\":\"C.A.Pe.C.A.\",\"description\":\"C\u00e1mara de Armadores de Pesqueros y Congeladores de la Argentina\",\"potentialAction\":[{\"@type\":\"SearchAction\",\"target\":{\"@type\":\"EntryPoint\",\"urlTemplate\":\"https:\/\/www.capeca.org.ar\/?s={search_term_string}\"},\"query-input\":{\"@type\":\"PropertyValueSpecification\",\"valueRequired\":true,\"valueName\":\"search_term_string\"}}],\"inLanguage\":\"es\"},{\"@type\":\"Person\",\"@id\":\"https:\/\/www.capeca.org.ar\/#\/schema\/person\/43dc64f7ef5c0482f883f13c92a1b947\",\"name\":\"CAPeCA\",\"image\":{\"@type\":\"ImageObject\",\"inLanguage\":\"es\",\"@id\":\"https:\/\/www.capeca.org.ar\/#\/schema\/person\/image\/\",\"url\":\"https:\/\/secure.gravatar.com\/avatar\/236a623f39daa823cf184d241dcde1ff?s=96&d=mm&r=g\",\"contentUrl\":\"https:\/\/secure.gravatar.com\/avatar\/236a623f39daa823cf184d241dcde1ff?s=96&d=mm&r=g\",\"caption\":\"CAPeCA\"},\"url\":\"https:\/\/www.capeca.org.ar\/index.php\/author\/capeca\/\"}]}<\/script>\n<!-- \/ Yoast SEO plugin. -->","yoast_head_json":{"title":"CAPeCA particip\u00f3 hoy de la 5\u00b0 reuni\u00f3n de la \"mesa de competitividad pesquera\" en Puerto Madryn - C.A.Pe.C.A.","robots":{"index":"index","follow":"follow","max-snippet":"max-snippet:-1","max-image-preview":"max-image-preview:large","max-video-preview":"max-video-preview:-1"},"canonical":"https:\/\/www.capeca.org.ar\/index.php\/2019\/01\/15\/capeca-participo-hoy-de-la-5-reunion-de-la-mesa-de-competitividad-pesquera-en-puerto-madryn\/","og_locale":"es_ES","og_type":"article","og_title":"CAPeCA particip\u00f3 hoy de la 5\u00b0 reuni\u00f3n de la \"mesa de competitividad pesquera\" en Puerto Madryn - C.A.Pe.C.A.","og_description":"En la ciudad de Puerto Madryn CAPeCA\u00a0particip\u00f3 hoy de la 5\u00b0 reuni\u00f3n de la \u00abmesa de competitividad pesquera\u00bb con la presencia del presidente Mauricio Macri junto a miembros del gabinete nacional. En dicha reuni\u00f3n se trataron temas como la renovaci\u00f3n de la flota pesquera, convenios colectivos de trabajo, \u00e1reas mar\u00edtimas protegidas, campa\u00f1as de investigaci\u00f3n entre otros. Desde CAPeCA se ha destacado la presencia del presidente Macri brindando de este modo un espacio de importancia al sector pesquero. Comunicaci\u00f3n CAPeCA","og_url":"https:\/\/www.capeca.org.ar\/index.php\/2019\/01\/15\/capeca-participo-hoy-de-la-5-reunion-de-la-mesa-de-competitividad-pesquera-en-puerto-madryn\/","og_site_name":"C.A.Pe.C.A.","article_published_time":"2019-01-15T23:14:43+00:00","article_modified_time":"2019-01-15T23:48:05+00:00","og_image":[{"width":1024,"height":458,"url":"https:\/\/www.capeca.org.ar\/wp\/wp-content\/uploads\/2019\/01\/IMG-20190115-WA0016.jpg","type":"image\/jpeg"}],"author":"CAPeCA","twitter_card":"summary_large_image","twitter_misc":{"Escrito por":"CAPeCA"},"schema":{"@context":"https:\/\/schema.org","@graph":[{"@type":"WebPage","@id":"https:\/\/www.capeca.org.ar\/index.php\/2019\/01\/15\/capeca-participo-hoy-de-la-5-reunion-de-la-mesa-de-competitividad-pesquera-en-puerto-madryn\/","url":"https:\/\/www.capeca.org.ar\/index.php\/2019\/01\/15\/capeca-participo-hoy-de-la-5-reunion-de-la-mesa-de-competitividad-pesquera-en-puerto-madryn\/","name":"CAPeCA particip\u00f3 hoy de la 5\u00b0 reuni\u00f3n de la \"mesa de competitividad pesquera\" en Puerto Madryn - C.A.Pe.C.A.","isPartOf":{"@id":"https:\/\/www.capeca.org.ar\/#website"},"primaryImageOfPage":{"@id":"https:\/\/www.capeca.org.ar\/index.php\/2019\/01\/15\/capeca-participo-hoy-de-la-5-reunion-de-la-mesa-de-competitividad-pesquera-en-puerto-madryn\/#primaryimage"},"image":{"@id":"https:\/\/www.capeca.org.ar\/index.php\/2019\/01\/15\/capeca-participo-hoy-de-la-5-reunion-de-la-mesa-de-competitividad-pesquera-en-puerto-madryn\/#primaryimage"},"thumbnailUrl":"https:\/\/www.capeca.org.ar\/wp\/wp-content\/uploads\/2019\/01\/IMG-20190115-WA0016.jpg","datePublished":"2019-01-15T23:14:43+00:00","dateModified":"2019-01-15T23:48:05+00:00","author":{"@id":"https:\/\/www.capeca.org.ar\/#\/schema\/person\/43dc64f7ef5c0482f883f13c92a1b947"},"breadcrumb":{"@id":"https:\/\/www.capeca.org.ar\/index.php\/2019\/01\/15\/capeca-participo-hoy-de-la-5-reunion-de-la-mesa-de-competitividad-pesquera-en-puerto-madryn\/#breadcrumb"},"inLanguage":"es","potentialAction":[{"@type":"ReadAction","target":["https:\/\/www.capeca.org.ar\/index.php\/2019\/01\/15\/capeca-participo-hoy-de-la-5-reunion-de-la-mesa-de-competitividad-pesquera-en-puerto-madryn\/"]}]},{"@type":"ImageObject","inLanguage":"es","@id":"https:\/\/www.capeca.org.ar\/index.php\/2019\/01\/15\/capeca-participo-hoy-de-la-5-reunion-de-la-mesa-de-competitividad-pesquera-en-puerto-madryn\/#primaryimage","url":"https:\/\/www.capeca.org.ar\/wp\/wp-content\/uploads\/2019\/01\/IMG-20190115-WA0016.jpg","contentUrl":"https:\/\/www.capeca.org.ar\/wp\/wp-content\/uploads\/2019\/01\/IMG-20190115-WA0016.jpg","width":1024,"height":458},{"@type":"BreadcrumbList","@id":"https:\/\/www.capeca.org.ar\/index.php\/2019\/01\/15\/capeca-participo-hoy-de-la-5-reunion-de-la-mesa-de-competitividad-pesquera-en-puerto-madryn\/#breadcrumb","itemListElement":[{"@type":"ListItem","position":1,"name":"Portada","item":"https:\/\/www.capeca.org.ar\/"},{"@type":"ListItem","position":2,"name":"CAPeCA particip\u00f3 hoy de la 5\u00b0 reuni\u00f3n de la \u00abmesa de competitividad pesquera\u00bb en Puerto Madryn"}]},{"@type":"WebSite","@id":"https:\/\/www.capeca.org.ar\/#website","url":"https:\/\/www.capeca.org.ar\/","name":"C.A.Pe.C.A.","description":"C\u00e1mara de Armadores de Pesqueros y Congeladores de la Argentina","potentialAction":[{"@type":"SearchAction","target":{"@type":"EntryPoint","urlTemplate":"https:\/\/www.capeca.org.ar\/?s={search_term_string}"},"query-input":{"@type":"PropertyValueSpecification","valueRequired":true,"valueName":"search_term_string"}}],"inLanguage":"es"},{"@type":"Person","@id":"https:\/\/www.capeca.org.ar\/#\/schema\/person\/43dc64f7ef5c0482f883f13c92a1b947","name":"CAPeCA","image":{"@type":"ImageObject","inLanguage":"es","@id":"https:\/\/www.capeca.org.ar\/#\/schema\/person\/image\/","url":"https:\/\/secure.gravatar.com\/avatar\/236a623f39daa823cf184d241dcde1ff?s=96&d=mm&r=g","contentUrl":"https:\/\/secure.gravatar.com\/avatar\/236a623f39daa823cf184d241dcde1ff?s=96&d=mm&r=g","caption":"CAPeCA"},"url":"https:\/\/www.capeca.org.ar\/index.php\/author\/capeca\/"}]}},"_links":{"self":[{"href":"https:\/\/www.capeca.org.ar\/index.php\/wp-json\/wp\/v2\/posts\/1761","targetHints":{"allow":["GET"]}}],"collection":[{"href":"https:\/\/www.capeca.org.ar\/index.php\/wp-json\/wp\/v2\/posts"}],"about":[{"href":"https:\/\/www.capeca.org.ar\/index.php\/wp-json\/wp\/v2\/types\/post"}],"author":[{"embeddable":true,"href":"https:\/\/www.capeca.org.ar\/index.php\/wp-json\/wp\/v2\/users\/2"}],"replies":[{"embeddable":true,"href":"https:\/\/www.capeca.org.ar\/index.php\/wp-json\/wp\/v2\/comments?post=1761"}],"version-history":[{"count":2,"href":"https:\/\/www.capeca.org.ar\/index.php\/wp-json\/wp\/v2\/posts\/1761\/revisions"}],"predecessor-version":[{"id":1764,"href":"https:\/\/www.capeca.org.ar\/index.php\/wp-json\/wp\/v2\/posts\/1761\/revisions\/1764"}],"wp:featuredmedia":[{"embeddable":true,"href":"https:\/\/www.capeca.org.ar\/index.php\/wp-json\/wp\/v2\/media\/1762"}],"wp:attachment":[{"href":"https:\/\/www.capeca.org.ar\/index.php\/wp-json\/wp\/v2\/media?parent=1761"}],"wp:term":[{"taxonomy":"category","embeddable":true,"href":"https:\/\/www.capeca.org.ar\/index.php\/wp-json\/wp\/v2\/categories?post=1761"},{"taxonomy":"post_tag","embeddable":true,"href":"https:\/\/www.capeca.org.ar\/index.php\/wp-json\/wp\/v2\/tags?post=1761"}],"curies":[{"name":"wp","href":"https:\/\/api.w.org\/{rel}","templated":true}]}}