{"id":1758,"date":"2019-01-14T20:21:31","date_gmt":"2019-01-14T23:21:31","guid":{"rendered":"https:\/\/www.capeca.org.ar\/?p=1758"},"modified":"2019-01-14T20:21:31","modified_gmt":"2019-01-14T23:21:31","slug":"stand-de-mar-argentino-el-mapa-con-las-escalas-2019","status":"publish","type":"post","link":"https:\/\/www.capeca.org.ar\/index.php\/2019\/01\/14\/stand-de-mar-argentino-el-mapa-con-las-escalas-2019\/","title":{"rendered":"Stand de Mar Argentino: el mapa con las escalas 2019"},"content":{"rendered":"<div class=\"hidden mobile-featured-image\"><img fetchpriority=\"high\" decoding=\"async\" class=\"attachment-post-thumbnail size-post-thumbnail wp-post-image\" src=\"https:\/\/www.pescare.com.ar\/wp-content\/uploads\/2018\/06\/mar1.jpg\" sizes=\"(max-width: 1199px) 100vw, 1199px\" srcset=\"https:\/\/www.pescare.com.ar\/wp-content\/uploads\/2018\/06\/mar1.jpg 1199w, https:\/\/www.pescare.com.ar\/wp-content\/uploads\/2018\/06\/mar1-300x177.jpg 300w, https:\/\/www.pescare.com.ar\/wp-content\/uploads\/2018\/06\/mar1-768x453.jpg 768w, https:\/\/www.pescare.com.ar\/wp-content\/uploads\/2018\/06\/mar1-1024x605.jpg 1024w\" alt=\"\" width=\"1199\" height=\"708\" \/><\/div>\n<h3 class=\"article-exerpt\">Recorrido interactivo por las ferias que tendr\u00e1n la presencia del pabell\u00f3n nacional durante este a\u00f1o.<\/h3>\n<hr \/>\n<div class=\"post-text text-content\"><span class=\"wpsdc-drop-cap\">E<\/span>l stand de \u201cMar Argentino, Salvaje y Austral\u201d tiene un cron\u00f3grama con las escalas que realizar\u00e1 durante este a\u00f1o. De acuerdo a informaci\u00f3n brindada por el Consejo Federal Pesquero,\u00a0<strong>en principio ser\u00e1n cinco participaciones<\/strong>.Como es habitual, la primera de ellas tendr\u00e1 lugar en Bost\u00f3n, Estados Unidos, del 17 al 19 de marzo. Luego, en mayo, seguir\u00e1 por B\u00e9lgica. Cuatro meses despu\u00e9s, aterrizar\u00e1 en Mosc\u00fa. Finalmente, en octubre llegar\u00e1 a Espa\u00f1a y despu\u00e9s, China.<\/p>\n<p><em><strong>Pescare.com.ar<\/strong><\/em><strong>\u00a0elabor\u00f3 un mapa interactivo donde es posible encontrar informaci\u00f3n de los eventos<\/strong>. Con un\u00a0<em>click<\/em>\u00a0en cada uno los puntos marcados se abre un cuadro descriptivo.<\/p>\n<p>Tambi\u00e9n es posible acercar o alejar la vista mediante la herramienta de zoom (+ y\/o -). En versi\u00f3n m\u00f3vil, para mover el mapa es necesario utilizar dos dedos al mismo tiempo.<\/p>\n<p><iframe src=\"https:\/\/www.google.com\/maps\/d\/embed?mid=1zjDmdSCxOpPxhR9vyBEu-zCKCZPiVuPJ\" width=\"640\" height=\"480\" data-mce-fragment=\"1\"><\/iframe>El sello \u201cMar Argentino\u201d, vale recordarlo,\u00a0<strong>se plantea como un s\u00edmbolo de calidad que acompa\u00f1a a las empresas para presentar oferta de productos alrededor del mundo<\/strong>. Otro de los objetivos es destacar las cualidades naturales que distinguen a los pescados y mariscos locales.<\/p>\n<p>Fuente: www.pescare.com.ar<\/p>\n<\/div>\n","protected":false},"excerpt":{"rendered":"<p>Recorrido interactivo por las ferias que tendr\u00e1n la presencia del pabell\u00f3n nacional durante este a\u00f1o. El stand de \u201cMar Argentino, Salvaje y Austral\u201d tiene un cron\u00f3grama con las escalas que realizar\u00e1 durante este a\u00f1o. De acuerdo a informaci\u00f3n brindada por el Consejo Federal Pesquero,\u00a0en principio ser\u00e1n cinco participaciones.Como es habitual, la primera de ellas tendr\u00e1 lugar en Bost\u00f3n, Estados Unidos, del 17 al 19 de marzo. Luego, en mayo, seguir\u00e1 por B\u00e9lgica. Cuatro meses despu\u00e9s, aterrizar\u00e1 en Mosc\u00fa. Finalmente, en octubre llegar\u00e1 a Espa\u00f1a y despu\u00e9s, China. Pescare.com.ar\u00a0elabor\u00f3 un mapa interactivo donde es posible encontrar informaci\u00f3n de los eventos. Con un\u00a0click\u00a0en cada uno los puntos marcados se abre un cuadro descriptivo. Tambi\u00e9n es posible acercar o alejar la vista mediante la herramienta de zoom (+ y\/o -). En versi\u00f3n m\u00f3vil, para mover el mapa es necesario utilizar dos dedos al mismo tiempo. El sello \u201cMar Argentino\u201d, vale recordarlo,\u00a0se plantea como un s\u00edmbolo de calidad que acompa\u00f1a a las empresas para presentar oferta de productos alrededor del mundo. Otro de los objetivos es destacar las cualidades naturales que distinguen a los pescados y mariscos locales. Fuente: www.pescare.com.ar<\/p>\n","protected":false},"author":2,"featured_media":1759,"comment_status":"open","ping_status":"open","sticky":false,"template":"","format":"standard","meta":{"_monsterinsights_skip_tracking":false,"_monsterinsights_sitenote_active":false,"_monsterinsights_sitenote_note":"","_monsterinsights_sitenote_category":0,"neve_meta_sidebar":"","neve_meta_container":"","neve_meta_enable_content_width":"","neve_meta_content_width":0,"neve_meta_title_alignment":"","neve_meta_author_avatar":"","neve_post_elements_order":"","neve_meta_disable_header":"","neve_meta_disable_footer":"","neve_meta_disable_title":"","footnotes":""},"categories":[1],"tags":[32,57,58],"class_list":["post-1758","post","type-post","status-publish","format-standard","has-post-thumbnail","hentry","category-noticias","tag-capeca","tag-pesca","tag-pesca-argentina"],"yoast_head":"<!-- This site is optimized with the Yoast SEO plugin v24.1 - https:\/\/yoast.com\/wordpress\/plugins\/seo\/ -->\n<title>Stand de Mar Argentino: el mapa con las escalas 2019 - C.A.Pe.C.A.<\/title>\n<meta name=\"robots\" content=\"index, follow, max-snippet:-1, max-image-preview:large, max-video-preview:-1\" \/>\n<link rel=\"canonical\" href=\"https:\/\/www.capeca.org.ar\/index.php\/2019\/01\/14\/stand-de-mar-argentino-el-mapa-con-las-escalas-2019\/\" \/>\n<meta property=\"og:locale\" content=\"es_ES\" \/>\n<meta property=\"og:type\" content=\"article\" \/>\n<meta property=\"og:title\" content=\"Stand de Mar Argentino: el mapa con las escalas 2019 - C.A.Pe.C.A.\" \/>\n<meta property=\"og:description\" content=\"Recorrido interactivo por las ferias que tendr\u00e1n la presencia del pabell\u00f3n nacional durante este a\u00f1o. El stand de \u201cMar Argentino, Salvaje y Austral\u201d tiene un cron\u00f3grama con las escalas que realizar\u00e1 durante este a\u00f1o. De acuerdo a informaci\u00f3n brindada por el Consejo Federal Pesquero,\u00a0en principio ser\u00e1n cinco participaciones.Como es habitual, la primera de ellas tendr\u00e1 lugar en Bost\u00f3n, Estados Unidos, del 17 al 19 de marzo. Luego, en mayo, seguir\u00e1 por B\u00e9lgica. Cuatro meses despu\u00e9s, aterrizar\u00e1 en Mosc\u00fa. Finalmente, en octubre llegar\u00e1 a Espa\u00f1a y despu\u00e9s, China. Pescare.com.ar\u00a0elabor\u00f3 un mapa interactivo donde es posible encontrar informaci\u00f3n de los eventos. Con un\u00a0click\u00a0en cada uno los puntos marcados se abre un cuadro descriptivo. Tambi\u00e9n es posible acercar o alejar la vista mediante la herramienta de zoom (+ y\/o -). En versi\u00f3n m\u00f3vil, para mover el mapa es necesario utilizar dos dedos al mismo tiempo. El sello \u201cMar Argentino\u201d, vale recordarlo,\u00a0se plantea como un s\u00edmbolo de calidad que acompa\u00f1a a las empresas para presentar oferta de productos alrededor del mundo. Otro de los objetivos es destacar las cualidades naturales que distinguen a los pescados y mariscos locales. Fuente: www.pescare.com.ar\" \/>\n<meta property=\"og:url\" content=\"https:\/\/www.capeca.org.ar\/index.php\/2019\/01\/14\/stand-de-mar-argentino-el-mapa-con-las-escalas-2019\/\" \/>\n<meta property=\"og:site_name\" content=\"C.A.Pe.C.A.\" \/>\n<meta property=\"article:published_time\" content=\"2019-01-14T23:21:31+00:00\" \/>\n<meta property=\"og:image\" content=\"https:\/\/www.capeca.org.ar\/wp\/wp-content\/uploads\/2019\/01\/mar1-1024x605.jpg\" \/>\n\t<meta property=\"og:image:width\" content=\"1024\" \/>\n\t<meta property=\"og:image:height\" content=\"605\" \/>\n\t<meta property=\"og:image:type\" content=\"image\/jpeg\" \/>\n<meta name=\"author\" content=\"CAPeCA\" \/>\n<meta name=\"twitter:card\" content=\"summary_large_image\" \/>\n<meta name=\"twitter:label1\" content=\"Escrito por\" \/>\n\t<meta name=\"twitter:data1\" content=\"CAPeCA\" \/>\n\t<meta name=\"twitter:label2\" content=\"Tiempo de lectura\" \/>\n\t<meta name=\"twitter:data2\" content=\"1 minuto\" \/>\n<script type=\"application\/ld+json\" class=\"yoast-schema-graph\">{\"@context\":\"https:\/\/schema.org\",\"@graph\":[{\"@type\":\"WebPage\",\"@id\":\"https:\/\/www.capeca.org.ar\/index.php\/2019\/01\/14\/stand-de-mar-argentino-el-mapa-con-las-escalas-2019\/\",\"url\":\"https:\/\/www.capeca.org.ar\/index.php\/2019\/01\/14\/stand-de-mar-argentino-el-mapa-con-las-escalas-2019\/\",\"name\":\"Stand de Mar Argentino: el mapa con las escalas 2019 - C.A.Pe.C.A.\",\"isPartOf\":{\"@id\":\"https:\/\/www.capeca.org.ar\/#website\"},\"primaryImageOfPage\":{\"@id\":\"https:\/\/www.capeca.org.ar\/index.php\/2019\/01\/14\/stand-de-mar-argentino-el-mapa-con-las-escalas-2019\/#primaryimage\"},\"image\":{\"@id\":\"https:\/\/www.capeca.org.ar\/index.php\/2019\/01\/14\/stand-de-mar-argentino-el-mapa-con-las-escalas-2019\/#primaryimage\"},\"thumbnailUrl\":\"https:\/\/www.capeca.org.ar\/wp\/wp-content\/uploads\/2019\/01\/mar1-1024x605.jpg\",\"datePublished\":\"2019-01-14T23:21:31+00:00\",\"dateModified\":\"2019-01-14T23:21:31+00:00\",\"author\":{\"@id\":\"https:\/\/www.capeca.org.ar\/#\/schema\/person\/43dc64f7ef5c0482f883f13c92a1b947\"},\"breadcrumb\":{\"@id\":\"https:\/\/www.capeca.org.ar\/index.php\/2019\/01\/14\/stand-de-mar-argentino-el-mapa-con-las-escalas-2019\/#breadcrumb\"},\"inLanguage\":\"es\",\"potentialAction\":[{\"@type\":\"ReadAction\",\"target\":[\"https:\/\/www.capeca.org.ar\/index.php\/2019\/01\/14\/stand-de-mar-argentino-el-mapa-con-las-escalas-2019\/\"]}]},{\"@type\":\"ImageObject\",\"inLanguage\":\"es\",\"@id\":\"https:\/\/www.capeca.org.ar\/index.php\/2019\/01\/14\/stand-de-mar-argentino-el-mapa-con-las-escalas-2019\/#primaryimage\",\"url\":\"https:\/\/www.capeca.org.ar\/wp\/wp-content\/uploads\/2019\/01\/mar1-1024x605.jpg\",\"contentUrl\":\"https:\/\/www.capeca.org.ar\/wp\/wp-content\/uploads\/2019\/01\/mar1-1024x605.jpg\",\"width\":1024,\"height\":605},{\"@type\":\"BreadcrumbList\",\"@id\":\"https:\/\/www.capeca.org.ar\/index.php\/2019\/01\/14\/stand-de-mar-argentino-el-mapa-con-las-escalas-2019\/#breadcrumb\",\"itemListElement\":[{\"@type\":\"ListItem\",\"position\":1,\"name\":\"Portada\",\"item\":\"https:\/\/www.capeca.org.ar\/\"},{\"@type\":\"ListItem\",\"position\":2,\"name\":\"Stand de Mar Argentino: el mapa con las escalas 2019\"}]},{\"@type\":\"WebSite\",\"@id\":\"https:\/\/www.capeca.org.ar\/#website\",\"url\":\"https:\/\/www.capeca.org.ar\/\",\"name\":\"C.A.Pe.C.A.\",\"description\":\"C\u00e1mara de Armadores de Pesqueros y Congeladores de la Argentina\",\"potentialAction\":[{\"@type\":\"SearchAction\",\"target\":{\"@type\":\"EntryPoint\",\"urlTemplate\":\"https:\/\/www.capeca.org.ar\/?s={search_term_string}\"},\"query-input\":{\"@type\":\"PropertyValueSpecification\",\"valueRequired\":true,\"valueName\":\"search_term_string\"}}],\"inLanguage\":\"es\"},{\"@type\":\"Person\",\"@id\":\"https:\/\/www.capeca.org.ar\/#\/schema\/person\/43dc64f7ef5c0482f883f13c92a1b947\",\"name\":\"CAPeCA\",\"image\":{\"@type\":\"ImageObject\",\"inLanguage\":\"es\",\"@id\":\"https:\/\/www.capeca.org.ar\/#\/schema\/person\/image\/\",\"url\":\"https:\/\/secure.gravatar.com\/avatar\/236a623f39daa823cf184d241dcde1ff?s=96&d=mm&r=g\",\"contentUrl\":\"https:\/\/secure.gravatar.com\/avatar\/236a623f39daa823cf184d241dcde1ff?s=96&d=mm&r=g\",\"caption\":\"CAPeCA\"},\"url\":\"https:\/\/www.capeca.org.ar\/index.php\/author\/capeca\/\"}]}<\/script>\n<!-- \/ Yoast SEO plugin. -->","yoast_head_json":{"title":"Stand de Mar Argentino: el mapa con las escalas 2019 - C.A.Pe.C.A.","robots":{"index":"index","follow":"follow","max-snippet":"max-snippet:-1","max-image-preview":"max-image-preview:large","max-video-preview":"max-video-preview:-1"},"canonical":"https:\/\/www.capeca.org.ar\/index.php\/2019\/01\/14\/stand-de-mar-argentino-el-mapa-con-las-escalas-2019\/","og_locale":"es_ES","og_type":"article","og_title":"Stand de Mar Argentino: el mapa con las escalas 2019 - C.A.Pe.C.A.","og_description":"Recorrido interactivo por las ferias que tendr\u00e1n la presencia del pabell\u00f3n nacional durante este a\u00f1o. El stand de \u201cMar Argentino, Salvaje y Austral\u201d tiene un cron\u00f3grama con las escalas que realizar\u00e1 durante este a\u00f1o. De acuerdo a informaci\u00f3n brindada por el Consejo Federal Pesquero,\u00a0en principio ser\u00e1n cinco participaciones.Como es habitual, la primera de ellas tendr\u00e1 lugar en Bost\u00f3n, Estados Unidos, del 17 al 19 de marzo. Luego, en mayo, seguir\u00e1 por B\u00e9lgica. Cuatro meses despu\u00e9s, aterrizar\u00e1 en Mosc\u00fa. Finalmente, en octubre llegar\u00e1 a Espa\u00f1a y despu\u00e9s, China. Pescare.com.ar\u00a0elabor\u00f3 un mapa interactivo donde es posible encontrar informaci\u00f3n de los eventos. Con un\u00a0click\u00a0en cada uno los puntos marcados se abre un cuadro descriptivo. Tambi\u00e9n es posible acercar o alejar la vista mediante la herramienta de zoom (+ y\/o -). En versi\u00f3n m\u00f3vil, para mover el mapa es necesario utilizar dos dedos al mismo tiempo. El sello \u201cMar Argentino\u201d, vale recordarlo,\u00a0se plantea como un s\u00edmbolo de calidad que acompa\u00f1a a las empresas para presentar oferta de productos alrededor del mundo. Otro de los objetivos es destacar las cualidades naturales que distinguen a los pescados y mariscos locales. Fuente: www.pescare.com.ar","og_url":"https:\/\/www.capeca.org.ar\/index.php\/2019\/01\/14\/stand-de-mar-argentino-el-mapa-con-las-escalas-2019\/","og_site_name":"C.A.Pe.C.A.","article_published_time":"2019-01-14T23:21:31+00:00","og_image":[{"width":1024,"height":605,"url":"https:\/\/www.capeca.org.ar\/wp\/wp-content\/uploads\/2019\/01\/mar1-1024x605.jpg","type":"image\/jpeg"}],"author":"CAPeCA","twitter_card":"summary_large_image","twitter_misc":{"Escrito por":"CAPeCA","Tiempo de lectura":"1 minuto"},"schema":{"@context":"https:\/\/schema.org","@graph":[{"@type":"WebPage","@id":"https:\/\/www.capeca.org.ar\/index.php\/2019\/01\/14\/stand-de-mar-argentino-el-mapa-con-las-escalas-2019\/","url":"https:\/\/www.capeca.org.ar\/index.php\/2019\/01\/14\/stand-de-mar-argentino-el-mapa-con-las-escalas-2019\/","name":"Stand de Mar Argentino: el mapa con las escalas 2019 - C.A.Pe.C.A.","isPartOf":{"@id":"https:\/\/www.capeca.org.ar\/#website"},"primaryImageOfPage":{"@id":"https:\/\/www.capeca.org.ar\/index.php\/2019\/01\/14\/stand-de-mar-argentino-el-mapa-con-las-escalas-2019\/#primaryimage"},"image":{"@id":"https:\/\/www.capeca.org.ar\/index.php\/2019\/01\/14\/stand-de-mar-argentino-el-mapa-con-las-escalas-2019\/#primaryimage"},"thumbnailUrl":"https:\/\/www.capeca.org.ar\/wp\/wp-content\/uploads\/2019\/01\/mar1-1024x605.jpg","datePublished":"2019-01-14T23:21:31+00:00","dateModified":"2019-01-14T23:21:31+00:00","author":{"@id":"https:\/\/www.capeca.org.ar\/#\/schema\/person\/43dc64f7ef5c0482f883f13c92a1b947"},"breadcrumb":{"@id":"https:\/\/www.capeca.org.ar\/index.php\/2019\/01\/14\/stand-de-mar-argentino-el-mapa-con-las-escalas-2019\/#breadcrumb"},"inLanguage":"es","potentialAction":[{"@type":"ReadAction","target":["https:\/\/www.capeca.org.ar\/index.php\/2019\/01\/14\/stand-de-mar-argentino-el-mapa-con-las-escalas-2019\/"]}]},{"@type":"ImageObject","inLanguage":"es","@id":"https:\/\/www.capeca.org.ar\/index.php\/2019\/01\/14\/stand-de-mar-argentino-el-mapa-con-las-escalas-2019\/#primaryimage","url":"https:\/\/www.capeca.org.ar\/wp\/wp-content\/uploads\/2019\/01\/mar1-1024x605.jpg","contentUrl":"https:\/\/www.capeca.org.ar\/wp\/wp-content\/uploads\/2019\/01\/mar1-1024x605.jpg","width":1024,"height":605},{"@type":"BreadcrumbList","@id":"https:\/\/www.capeca.org.ar\/index.php\/2019\/01\/14\/stand-de-mar-argentino-el-mapa-con-las-escalas-2019\/#breadcrumb","itemListElement":[{"@type":"ListItem","position":1,"name":"Portada","item":"https:\/\/www.capeca.org.ar\/"},{"@type":"ListItem","position":2,"name":"Stand de Mar Argentino: el mapa con las escalas 2019"}]},{"@type":"WebSite","@id":"https:\/\/www.capeca.org.ar\/#website","url":"https:\/\/www.capeca.org.ar\/","name":"C.A.Pe.C.A.","description":"C\u00e1mara de Armadores de Pesqueros y Congeladores de la Argentina","potentialAction":[{"@type":"SearchAction","target":{"@type":"EntryPoint","urlTemplate":"https:\/\/www.capeca.org.ar\/?s={search_term_string}"},"query-input":{"@type":"PropertyValueSpecification","valueRequired":true,"valueName":"search_term_string"}}],"inLanguage":"es"},{"@type":"Person","@id":"https:\/\/www.capeca.org.ar\/#\/schema\/person\/43dc64f7ef5c0482f883f13c92a1b947","name":"CAPeCA","image":{"@type":"ImageObject","inLanguage":"es","@id":"https:\/\/www.capeca.org.ar\/#\/schema\/person\/image\/","url":"https:\/\/secure.gravatar.com\/avatar\/236a623f39daa823cf184d241dcde1ff?s=96&d=mm&r=g","contentUrl":"https:\/\/secure.gravatar.com\/avatar\/236a623f39daa823cf184d241dcde1ff?s=96&d=mm&r=g","caption":"CAPeCA"},"url":"https:\/\/www.capeca.org.ar\/index.php\/author\/capeca\/"}]}},"_links":{"self":[{"href":"https:\/\/www.capeca.org.ar\/index.php\/wp-json\/wp\/v2\/posts\/1758","targetHints":{"allow":["GET"]}}],"collection":[{"href":"https:\/\/www.capeca.org.ar\/index.php\/wp-json\/wp\/v2\/posts"}],"about":[{"href":"https:\/\/www.capeca.org.ar\/index.php\/wp-json\/wp\/v2\/types\/post"}],"author":[{"embeddable":true,"href":"https:\/\/www.capeca.org.ar\/index.php\/wp-json\/wp\/v2\/users\/2"}],"replies":[{"embeddable":true,"href":"https:\/\/www.capeca.org.ar\/index.php\/wp-json\/wp\/v2\/comments?post=1758"}],"version-history":[{"count":1,"href":"https:\/\/www.capeca.org.ar\/index.php\/wp-json\/wp\/v2\/posts\/1758\/revisions"}],"predecessor-version":[{"id":1760,"href":"https:\/\/www.capeca.org.ar\/index.php\/wp-json\/wp\/v2\/posts\/1758\/revisions\/1760"}],"wp:featuredmedia":[{"embeddable":true,"href":"https:\/\/www.capeca.org.ar\/index.php\/wp-json\/wp\/v2\/media\/1759"}],"wp:attachment":[{"href":"https:\/\/www.capeca.org.ar\/index.php\/wp-json\/wp\/v2\/media?parent=1758"}],"wp:term":[{"taxonomy":"category","embeddable":true,"href":"https:\/\/www.capeca.org.ar\/index.php\/wp-json\/wp\/v2\/categories?post=1758"},{"taxonomy":"post_tag","embeddable":true,"href":"https:\/\/www.capeca.org.ar\/index.php\/wp-json\/wp\/v2\/tags?post=1758"}],"curies":[{"name":"wp","href":"https:\/\/api.w.org\/{rel}","templated":true}]}}