{"id":1746,"date":"2019-01-12T13:33:53","date_gmt":"2019-01-12T16:33:53","guid":{"rendered":"https:\/\/www.capeca.org.ar\/?p=1746"},"modified":"2019-01-13T23:19:32","modified_gmt":"2019-01-14T02:19:32","slug":"capeca-participa-en-la-mesa-de-la-pesca-en-puerto-madryn","status":"publish","type":"post","link":"https:\/\/www.capeca.org.ar\/index.php\/2019\/01\/12\/capeca-participa-en-la-mesa-de-la-pesca-en-puerto-madryn\/","title":{"rendered":"CAPeCA participa en la \u00abmesa de la pesca\u00bb en Puerto Madryn"},"content":{"rendered":"<p>Una vez m\u00e1s la industria pesquera tendr\u00e1 un lugar en la agenda presidencial, para esta oportunidad la reuni\u00f3n de la \u00abmesa de la pesca\u00bb que se desarrollar\u00e1 en la ciudad de Puerto Madryn, donde C.A.Pe.C.A. estar\u00e1 representada por un destacado y nutrido n\u00famero de empresarios.<\/p>\n<p>Es el quinto encuentro abierto desde el ejecutivo y se espera una importante presencia de referentes del sector para plantear los problemas por los que atraviesa la actividad hoy, y la b\u00fasqueda de las medidas superadoras que colaboren en su soluci\u00f3n.<\/p>\n<p>Comunicaci\u00f3n CAPeCA<\/p>\n","protected":false},"excerpt":{"rendered":"<p>Una vez m\u00e1s la industria pesquera tendr\u00e1 un lugar en la agenda presidencial, para esta oportunidad la reuni\u00f3n de la \u00abmesa de la pesca\u00bb que se desarrollar\u00e1 en la ciudad de Puerto Madryn, donde C.A.Pe.C.A. estar\u00e1 representada por un destacado y nutrido n\u00famero de empresarios. Es el quinto encuentro abierto desde el ejecutivo y se espera una importante presencia de referentes del sector para plantear los problemas por los que atraviesa la actividad hoy, y la b\u00fasqueda de las medidas superadoras que colaboren en su soluci\u00f3n. Comunicaci\u00f3n CAPeCA<\/p>\n","protected":false},"author":2,"featured_media":0,"comment_status":"open","ping_status":"open","sticky":false,"template":"","format":"standard","meta":{"_monsterinsights_skip_tracking":false,"_monsterinsights_sitenote_active":false,"_monsterinsights_sitenote_note":"","_monsterinsights_sitenote_category":0,"neve_meta_sidebar":"","neve_meta_container":"","neve_meta_enable_content_width":"","neve_meta_content_width":0,"neve_meta_title_alignment":"","neve_meta_author_avatar":"","neve_post_elements_order":"","neve_meta_disable_header":"","neve_meta_disable_footer":"","neve_meta_disable_title":"","footnotes":""},"categories":[1],"tags":[82,57,81,83],"class_list":["post-1746","post","type-post","status-publish","format-standard","hentry","category-noticias","tag-mesadelapesca","tag-pesca","tag-pescaargentina","tag-puertomadryn"],"yoast_head":"<!-- This site is optimized with the Yoast SEO plugin v24.1 - https:\/\/yoast.com\/wordpress\/plugins\/seo\/ -->\n<title>CAPeCA participa en la &quot;mesa de la pesca&quot; en Puerto Madryn - C.A.Pe.C.A.<\/title>\n<meta name=\"robots\" content=\"index, follow, max-snippet:-1, max-image-preview:large, max-video-preview:-1\" \/>\n<link rel=\"canonical\" href=\"https:\/\/www.capeca.org.ar\/index.php\/2019\/01\/12\/capeca-participa-en-la-mesa-de-la-pesca-en-puerto-madryn\/\" \/>\n<meta property=\"og:locale\" content=\"es_ES\" \/>\n<meta property=\"og:type\" content=\"article\" \/>\n<meta property=\"og:title\" content=\"CAPeCA participa en la &quot;mesa de la pesca&quot; en Puerto Madryn - C.A.Pe.C.A.\" \/>\n<meta property=\"og:description\" content=\"Una vez m\u00e1s la industria pesquera tendr\u00e1 un lugar en la agenda presidencial, para esta oportunidad la reuni\u00f3n de la \u00abmesa de la pesca\u00bb que se desarrollar\u00e1 en la ciudad de Puerto Madryn, donde C.A.Pe.C.A. estar\u00e1 representada por un destacado y nutrido n\u00famero de empresarios. Es el quinto encuentro abierto desde el ejecutivo y se espera una importante presencia de referentes del sector para plantear los problemas por los que atraviesa la actividad hoy, y la b\u00fasqueda de las medidas superadoras que colaboren en su soluci\u00f3n. Comunicaci\u00f3n CAPeCA\" \/>\n<meta property=\"og:url\" content=\"https:\/\/www.capeca.org.ar\/index.php\/2019\/01\/12\/capeca-participa-en-la-mesa-de-la-pesca-en-puerto-madryn\/\" \/>\n<meta property=\"og:site_name\" content=\"C.A.Pe.C.A.\" \/>\n<meta property=\"article:published_time\" content=\"2019-01-12T16:33:53+00:00\" \/>\n<meta property=\"article:modified_time\" content=\"2019-01-14T02:19:32+00:00\" \/>\n<meta name=\"author\" content=\"CAPeCA\" \/>\n<meta name=\"twitter:card\" content=\"summary_large_image\" \/>\n<meta name=\"twitter:label1\" content=\"Escrito por\" \/>\n\t<meta name=\"twitter:data1\" content=\"CAPeCA\" \/>\n<script type=\"application\/ld+json\" class=\"yoast-schema-graph\">{\"@context\":\"https:\/\/schema.org\",\"@graph\":[{\"@type\":\"WebPage\",\"@id\":\"https:\/\/www.capeca.org.ar\/index.php\/2019\/01\/12\/capeca-participa-en-la-mesa-de-la-pesca-en-puerto-madryn\/\",\"url\":\"https:\/\/www.capeca.org.ar\/index.php\/2019\/01\/12\/capeca-participa-en-la-mesa-de-la-pesca-en-puerto-madryn\/\",\"name\":\"CAPeCA participa en la \\\"mesa de la pesca\\\" en Puerto Madryn - C.A.Pe.C.A.\",\"isPartOf\":{\"@id\":\"https:\/\/www.capeca.org.ar\/#website\"},\"datePublished\":\"2019-01-12T16:33:53+00:00\",\"dateModified\":\"2019-01-14T02:19:32+00:00\",\"author\":{\"@id\":\"https:\/\/www.capeca.org.ar\/#\/schema\/person\/43dc64f7ef5c0482f883f13c92a1b947\"},\"breadcrumb\":{\"@id\":\"https:\/\/www.capeca.org.ar\/index.php\/2019\/01\/12\/capeca-participa-en-la-mesa-de-la-pesca-en-puerto-madryn\/#breadcrumb\"},\"inLanguage\":\"es\",\"potentialAction\":[{\"@type\":\"ReadAction\",\"target\":[\"https:\/\/www.capeca.org.ar\/index.php\/2019\/01\/12\/capeca-participa-en-la-mesa-de-la-pesca-en-puerto-madryn\/\"]}]},{\"@type\":\"BreadcrumbList\",\"@id\":\"https:\/\/www.capeca.org.ar\/index.php\/2019\/01\/12\/capeca-participa-en-la-mesa-de-la-pesca-en-puerto-madryn\/#breadcrumb\",\"itemListElement\":[{\"@type\":\"ListItem\",\"position\":1,\"name\":\"Portada\",\"item\":\"https:\/\/www.capeca.org.ar\/\"},{\"@type\":\"ListItem\",\"position\":2,\"name\":\"CAPeCA participa en la \u00abmesa de la pesca\u00bb en Puerto Madryn\"}]},{\"@type\":\"WebSite\",\"@id\":\"https:\/\/www.capeca.org.ar\/#website\",\"url\":\"https:\/\/www.capeca.org.ar\/\",\"name\":\"C.A.Pe.C.A.\",\"description\":\"C\u00e1mara de Armadores de Pesqueros y Congeladores de la Argentina\",\"potentialAction\":[{\"@type\":\"SearchAction\",\"target\":{\"@type\":\"EntryPoint\",\"urlTemplate\":\"https:\/\/www.capeca.org.ar\/?s={search_term_string}\"},\"query-input\":{\"@type\":\"PropertyValueSpecification\",\"valueRequired\":true,\"valueName\":\"search_term_string\"}}],\"inLanguage\":\"es\"},{\"@type\":\"Person\",\"@id\":\"https:\/\/www.capeca.org.ar\/#\/schema\/person\/43dc64f7ef5c0482f883f13c92a1b947\",\"name\":\"CAPeCA\",\"image\":{\"@type\":\"ImageObject\",\"inLanguage\":\"es\",\"@id\":\"https:\/\/www.capeca.org.ar\/#\/schema\/person\/image\/\",\"url\":\"https:\/\/secure.gravatar.com\/avatar\/236a623f39daa823cf184d241dcde1ff?s=96&d=mm&r=g\",\"contentUrl\":\"https:\/\/secure.gravatar.com\/avatar\/236a623f39daa823cf184d241dcde1ff?s=96&d=mm&r=g\",\"caption\":\"CAPeCA\"},\"url\":\"https:\/\/www.capeca.org.ar\/index.php\/author\/capeca\/\"}]}<\/script>\n<!-- \/ Yoast SEO plugin. -->","yoast_head_json":{"title":"CAPeCA participa en la \"mesa de la pesca\" en Puerto Madryn - C.A.Pe.C.A.","robots":{"index":"index","follow":"follow","max-snippet":"max-snippet:-1","max-image-preview":"max-image-preview:large","max-video-preview":"max-video-preview:-1"},"canonical":"https:\/\/www.capeca.org.ar\/index.php\/2019\/01\/12\/capeca-participa-en-la-mesa-de-la-pesca-en-puerto-madryn\/","og_locale":"es_ES","og_type":"article","og_title":"CAPeCA participa en la \"mesa de la pesca\" en Puerto Madryn - C.A.Pe.C.A.","og_description":"Una vez m\u00e1s la industria pesquera tendr\u00e1 un lugar en la agenda presidencial, para esta oportunidad la reuni\u00f3n de la \u00abmesa de la pesca\u00bb que se desarrollar\u00e1 en la ciudad de Puerto Madryn, donde C.A.Pe.C.A. estar\u00e1 representada por un destacado y nutrido n\u00famero de empresarios. Es el quinto encuentro abierto desde el ejecutivo y se espera una importante presencia de referentes del sector para plantear los problemas por los que atraviesa la actividad hoy, y la b\u00fasqueda de las medidas superadoras que colaboren en su soluci\u00f3n. Comunicaci\u00f3n CAPeCA","og_url":"https:\/\/www.capeca.org.ar\/index.php\/2019\/01\/12\/capeca-participa-en-la-mesa-de-la-pesca-en-puerto-madryn\/","og_site_name":"C.A.Pe.C.A.","article_published_time":"2019-01-12T16:33:53+00:00","article_modified_time":"2019-01-14T02:19:32+00:00","author":"CAPeCA","twitter_card":"summary_large_image","twitter_misc":{"Escrito por":"CAPeCA"},"schema":{"@context":"https:\/\/schema.org","@graph":[{"@type":"WebPage","@id":"https:\/\/www.capeca.org.ar\/index.php\/2019\/01\/12\/capeca-participa-en-la-mesa-de-la-pesca-en-puerto-madryn\/","url":"https:\/\/www.capeca.org.ar\/index.php\/2019\/01\/12\/capeca-participa-en-la-mesa-de-la-pesca-en-puerto-madryn\/","name":"CAPeCA participa en la \"mesa de la pesca\" en Puerto Madryn - C.A.Pe.C.A.","isPartOf":{"@id":"https:\/\/www.capeca.org.ar\/#website"},"datePublished":"2019-01-12T16:33:53+00:00","dateModified":"2019-01-14T02:19:32+00:00","author":{"@id":"https:\/\/www.capeca.org.ar\/#\/schema\/person\/43dc64f7ef5c0482f883f13c92a1b947"},"breadcrumb":{"@id":"https:\/\/www.capeca.org.ar\/index.php\/2019\/01\/12\/capeca-participa-en-la-mesa-de-la-pesca-en-puerto-madryn\/#breadcrumb"},"inLanguage":"es","potentialAction":[{"@type":"ReadAction","target":["https:\/\/www.capeca.org.ar\/index.php\/2019\/01\/12\/capeca-participa-en-la-mesa-de-la-pesca-en-puerto-madryn\/"]}]},{"@type":"BreadcrumbList","@id":"https:\/\/www.capeca.org.ar\/index.php\/2019\/01\/12\/capeca-participa-en-la-mesa-de-la-pesca-en-puerto-madryn\/#breadcrumb","itemListElement":[{"@type":"ListItem","position":1,"name":"Portada","item":"https:\/\/www.capeca.org.ar\/"},{"@type":"ListItem","position":2,"name":"CAPeCA participa en la \u00abmesa de la pesca\u00bb en Puerto Madryn"}]},{"@type":"WebSite","@id":"https:\/\/www.capeca.org.ar\/#website","url":"https:\/\/www.capeca.org.ar\/","name":"C.A.Pe.C.A.","description":"C\u00e1mara de Armadores de Pesqueros y Congeladores de la Argentina","potentialAction":[{"@type":"SearchAction","target":{"@type":"EntryPoint","urlTemplate":"https:\/\/www.capeca.org.ar\/?s={search_term_string}"},"query-input":{"@type":"PropertyValueSpecification","valueRequired":true,"valueName":"search_term_string"}}],"inLanguage":"es"},{"@type":"Person","@id":"https:\/\/www.capeca.org.ar\/#\/schema\/person\/43dc64f7ef5c0482f883f13c92a1b947","name":"CAPeCA","image":{"@type":"ImageObject","inLanguage":"es","@id":"https:\/\/www.capeca.org.ar\/#\/schema\/person\/image\/","url":"https:\/\/secure.gravatar.com\/avatar\/236a623f39daa823cf184d241dcde1ff?s=96&d=mm&r=g","contentUrl":"https:\/\/secure.gravatar.com\/avatar\/236a623f39daa823cf184d241dcde1ff?s=96&d=mm&r=g","caption":"CAPeCA"},"url":"https:\/\/www.capeca.org.ar\/index.php\/author\/capeca\/"}]}},"_links":{"self":[{"href":"https:\/\/www.capeca.org.ar\/index.php\/wp-json\/wp\/v2\/posts\/1746","targetHints":{"allow":["GET"]}}],"collection":[{"href":"https:\/\/www.capeca.org.ar\/index.php\/wp-json\/wp\/v2\/posts"}],"about":[{"href":"https:\/\/www.capeca.org.ar\/index.php\/wp-json\/wp\/v2\/types\/post"}],"author":[{"embeddable":true,"href":"https:\/\/www.capeca.org.ar\/index.php\/wp-json\/wp\/v2\/users\/2"}],"replies":[{"embeddable":true,"href":"https:\/\/www.capeca.org.ar\/index.php\/wp-json\/wp\/v2\/comments?post=1746"}],"version-history":[{"count":3,"href":"https:\/\/www.capeca.org.ar\/index.php\/wp-json\/wp\/v2\/posts\/1746\/revisions"}],"predecessor-version":[{"id":1753,"href":"https:\/\/www.capeca.org.ar\/index.php\/wp-json\/wp\/v2\/posts\/1746\/revisions\/1753"}],"wp:attachment":[{"href":"https:\/\/www.capeca.org.ar\/index.php\/wp-json\/wp\/v2\/media?parent=1746"}],"wp:term":[{"taxonomy":"category","embeddable":true,"href":"https:\/\/www.capeca.org.ar\/index.php\/wp-json\/wp\/v2\/categories?post=1746"},{"taxonomy":"post_tag","embeddable":true,"href":"https:\/\/www.capeca.org.ar\/index.php\/wp-json\/wp\/v2\/tags?post=1746"}],"curies":[{"name":"wp","href":"https:\/\/api.w.org\/{rel}","templated":true}]}}