{"id":1731,"date":"2019-01-06T10:55:00","date_gmt":"2019-01-06T13:55:00","guid":{"rendered":"https:\/\/www.capeca.org.ar\/?p=1731"},"modified":"2019-01-13T23:21:45","modified_gmt":"2019-01-14T02:21:45","slug":"calamar-buques-con-puerto-de-asiento-en-deseado-zarparon-hacia-zona-de-pesca","status":"publish","type":"post","link":"https:\/\/www.capeca.org.ar\/index.php\/2019\/01\/06\/calamar-buques-con-puerto-de-asiento-en-deseado-zarparon-hacia-zona-de-pesca\/","title":{"rendered":"CALAMAR: BUQUES CON PUERTO DE ASIENTO EN DESEADO ZARPARON HACIA ZONA DE PESCA"},"content":{"rendered":"<h2 class=\"title\">Se trata de los poteros Arbumasa XXVI y Arbumasa\u00a0 XXVIII, dos buques que perteneciente a la firma Arbumasa que zarparon ayer a la tarde hacia\u00a0 zona pesca.<\/h2>\n<div class=\"entry clearfix\">\n<p>&nbsp;<\/p>\n<p>La salida de los buques se hizo posible luego que el Ministerio de Trabajo dictara la conciliaci\u00f3n obligatoria por el t\u00e9rmino de 15 d\u00edas en el conflicto que mantienen la c\u00e1mara que nuclea a los buques poteros y el Somu por un incremento en los valores de producci\u00f3n.<\/p>\n<p>Fuente: Mar y Pesca<\/p>\n<\/div>\n","protected":false},"excerpt":{"rendered":"<p>Se trata de los poteros Arbumasa XXVI y Arbumasa\u00a0 XXVIII, dos buques que perteneciente a la firma Arbumasa que zarparon ayer a la tarde hacia\u00a0 zona pesca. &nbsp; La salida de los buques se hizo posible luego que el Ministerio de Trabajo dictara la conciliaci\u00f3n obligatoria por el t\u00e9rmino de 15 d\u00edas en el conflicto que mantienen la c\u00e1mara que nuclea a los buques poteros y el Somu por un incremento en los valores de producci\u00f3n. Fuente: Mar y Pesca<\/p>\n","protected":false},"author":2,"featured_media":1732,"comment_status":"open","ping_status":"open","sticky":false,"template":"","format":"standard","meta":{"_monsterinsights_skip_tracking":false,"_monsterinsights_sitenote_active":false,"_monsterinsights_sitenote_note":"","_monsterinsights_sitenote_category":0,"neve_meta_sidebar":"","neve_meta_container":"","neve_meta_enable_content_width":"","neve_meta_content_width":0,"neve_meta_title_alignment":"","neve_meta_author_avatar":"","neve_post_elements_order":"","neve_meta_disable_header":"","neve_meta_disable_footer":"","neve_meta_disable_title":"","footnotes":""},"categories":[1],"tags":[78,66,57,58],"class_list":["post-1731","post","type-post","status-publish","format-standard","has-post-thumbnail","hentry","category-noticias","tag-arbumasa","tag-calamar","tag-pesca","tag-pesca-argentina"],"yoast_head":"<!-- This site is optimized with the Yoast SEO plugin v24.1 - https:\/\/yoast.com\/wordpress\/plugins\/seo\/ -->\n<title>CALAMAR: BUQUES CON PUERTO DE ASIENTO EN DESEADO ZARPARON HACIA ZONA DE PESCA - C.A.Pe.C.A.<\/title>\n<meta name=\"robots\" content=\"index, follow, max-snippet:-1, max-image-preview:large, max-video-preview:-1\" \/>\n<link rel=\"canonical\" href=\"https:\/\/www.capeca.org.ar\/index.php\/2019\/01\/06\/calamar-buques-con-puerto-de-asiento-en-deseado-zarparon-hacia-zona-de-pesca\/\" \/>\n<meta property=\"og:locale\" content=\"es_ES\" \/>\n<meta property=\"og:type\" content=\"article\" \/>\n<meta property=\"og:title\" content=\"CALAMAR: BUQUES CON PUERTO DE ASIENTO EN DESEADO ZARPARON HACIA ZONA DE PESCA - C.A.Pe.C.A.\" \/>\n<meta property=\"og:description\" content=\"Se trata de los poteros Arbumasa XXVI y Arbumasa\u00a0 XXVIII, dos buques que perteneciente a la firma Arbumasa que zarparon ayer a la tarde hacia\u00a0 zona pesca. &nbsp; La salida de los buques se hizo posible luego que el Ministerio de Trabajo dictara la conciliaci\u00f3n obligatoria por el t\u00e9rmino de 15 d\u00edas en el conflicto que mantienen la c\u00e1mara que nuclea a los buques poteros y el Somu por un incremento en los valores de producci\u00f3n. Fuente: Mar y Pesca\" \/>\n<meta property=\"og:url\" content=\"https:\/\/www.capeca.org.ar\/index.php\/2019\/01\/06\/calamar-buques-con-puerto-de-asiento-en-deseado-zarparon-hacia-zona-de-pesca\/\" \/>\n<meta property=\"og:site_name\" content=\"C.A.Pe.C.A.\" \/>\n<meta property=\"article:published_time\" content=\"2019-01-06T13:55:00+00:00\" \/>\n<meta property=\"article:modified_time\" content=\"2019-01-14T02:21:45+00:00\" \/>\n<meta property=\"og:image\" content=\"https:\/\/www.capeca.org.ar\/wp\/wp-content\/uploads\/2019\/01\/69bca7da-2dc2-424f-8707-091aadca66ae.jpg\" \/>\n\t<meta property=\"og:image:width\" content=\"640\" \/>\n\t<meta property=\"og:image:height\" content=\"397\" \/>\n\t<meta property=\"og:image:type\" content=\"image\/jpeg\" \/>\n<meta name=\"author\" content=\"CAPeCA\" \/>\n<meta name=\"twitter:card\" content=\"summary_large_image\" \/>\n<meta name=\"twitter:label1\" content=\"Escrito por\" \/>\n\t<meta name=\"twitter:data1\" content=\"CAPeCA\" \/>\n<script type=\"application\/ld+json\" class=\"yoast-schema-graph\">{\"@context\":\"https:\/\/schema.org\",\"@graph\":[{\"@type\":\"WebPage\",\"@id\":\"https:\/\/www.capeca.org.ar\/index.php\/2019\/01\/06\/calamar-buques-con-puerto-de-asiento-en-deseado-zarparon-hacia-zona-de-pesca\/\",\"url\":\"https:\/\/www.capeca.org.ar\/index.php\/2019\/01\/06\/calamar-buques-con-puerto-de-asiento-en-deseado-zarparon-hacia-zona-de-pesca\/\",\"name\":\"CALAMAR: BUQUES CON PUERTO DE ASIENTO EN DESEADO ZARPARON HACIA ZONA DE PESCA - C.A.Pe.C.A.\",\"isPartOf\":{\"@id\":\"https:\/\/www.capeca.org.ar\/#website\"},\"primaryImageOfPage\":{\"@id\":\"https:\/\/www.capeca.org.ar\/index.php\/2019\/01\/06\/calamar-buques-con-puerto-de-asiento-en-deseado-zarparon-hacia-zona-de-pesca\/#primaryimage\"},\"image\":{\"@id\":\"https:\/\/www.capeca.org.ar\/index.php\/2019\/01\/06\/calamar-buques-con-puerto-de-asiento-en-deseado-zarparon-hacia-zona-de-pesca\/#primaryimage\"},\"thumbnailUrl\":\"https:\/\/www.capeca.org.ar\/wp\/wp-content\/uploads\/2019\/01\/69bca7da-2dc2-424f-8707-091aadca66ae.jpg\",\"datePublished\":\"2019-01-06T13:55:00+00:00\",\"dateModified\":\"2019-01-14T02:21:45+00:00\",\"author\":{\"@id\":\"https:\/\/www.capeca.org.ar\/#\/schema\/person\/43dc64f7ef5c0482f883f13c92a1b947\"},\"breadcrumb\":{\"@id\":\"https:\/\/www.capeca.org.ar\/index.php\/2019\/01\/06\/calamar-buques-con-puerto-de-asiento-en-deseado-zarparon-hacia-zona-de-pesca\/#breadcrumb\"},\"inLanguage\":\"es\",\"potentialAction\":[{\"@type\":\"ReadAction\",\"target\":[\"https:\/\/www.capeca.org.ar\/index.php\/2019\/01\/06\/calamar-buques-con-puerto-de-asiento-en-deseado-zarparon-hacia-zona-de-pesca\/\"]}]},{\"@type\":\"ImageObject\",\"inLanguage\":\"es\",\"@id\":\"https:\/\/www.capeca.org.ar\/index.php\/2019\/01\/06\/calamar-buques-con-puerto-de-asiento-en-deseado-zarparon-hacia-zona-de-pesca\/#primaryimage\",\"url\":\"https:\/\/www.capeca.org.ar\/wp\/wp-content\/uploads\/2019\/01\/69bca7da-2dc2-424f-8707-091aadca66ae.jpg\",\"contentUrl\":\"https:\/\/www.capeca.org.ar\/wp\/wp-content\/uploads\/2019\/01\/69bca7da-2dc2-424f-8707-091aadca66ae.jpg\",\"width\":640,\"height\":397},{\"@type\":\"BreadcrumbList\",\"@id\":\"https:\/\/www.capeca.org.ar\/index.php\/2019\/01\/06\/calamar-buques-con-puerto-de-asiento-en-deseado-zarparon-hacia-zona-de-pesca\/#breadcrumb\",\"itemListElement\":[{\"@type\":\"ListItem\",\"position\":1,\"name\":\"Portada\",\"item\":\"https:\/\/www.capeca.org.ar\/\"},{\"@type\":\"ListItem\",\"position\":2,\"name\":\"CALAMAR: BUQUES CON PUERTO DE ASIENTO EN DESEADO ZARPARON HACIA ZONA DE PESCA\"}]},{\"@type\":\"WebSite\",\"@id\":\"https:\/\/www.capeca.org.ar\/#website\",\"url\":\"https:\/\/www.capeca.org.ar\/\",\"name\":\"C.A.Pe.C.A.\",\"description\":\"C\u00e1mara de Armadores de Pesqueros y Congeladores de la Argentina\",\"potentialAction\":[{\"@type\":\"SearchAction\",\"target\":{\"@type\":\"EntryPoint\",\"urlTemplate\":\"https:\/\/www.capeca.org.ar\/?s={search_term_string}\"},\"query-input\":{\"@type\":\"PropertyValueSpecification\",\"valueRequired\":true,\"valueName\":\"search_term_string\"}}],\"inLanguage\":\"es\"},{\"@type\":\"Person\",\"@id\":\"https:\/\/www.capeca.org.ar\/#\/schema\/person\/43dc64f7ef5c0482f883f13c92a1b947\",\"name\":\"CAPeCA\",\"image\":{\"@type\":\"ImageObject\",\"inLanguage\":\"es\",\"@id\":\"https:\/\/www.capeca.org.ar\/#\/schema\/person\/image\/\",\"url\":\"https:\/\/secure.gravatar.com\/avatar\/236a623f39daa823cf184d241dcde1ff?s=96&d=mm&r=g\",\"contentUrl\":\"https:\/\/secure.gravatar.com\/avatar\/236a623f39daa823cf184d241dcde1ff?s=96&d=mm&r=g\",\"caption\":\"CAPeCA\"},\"url\":\"https:\/\/www.capeca.org.ar\/index.php\/author\/capeca\/\"}]}<\/script>\n<!-- \/ Yoast SEO plugin. -->","yoast_head_json":{"title":"CALAMAR: BUQUES CON PUERTO DE ASIENTO EN DESEADO ZARPARON HACIA ZONA DE PESCA - C.A.Pe.C.A.","robots":{"index":"index","follow":"follow","max-snippet":"max-snippet:-1","max-image-preview":"max-image-preview:large","max-video-preview":"max-video-preview:-1"},"canonical":"https:\/\/www.capeca.org.ar\/index.php\/2019\/01\/06\/calamar-buques-con-puerto-de-asiento-en-deseado-zarparon-hacia-zona-de-pesca\/","og_locale":"es_ES","og_type":"article","og_title":"CALAMAR: BUQUES CON PUERTO DE ASIENTO EN DESEADO ZARPARON HACIA ZONA DE PESCA - C.A.Pe.C.A.","og_description":"Se trata de los poteros Arbumasa XXVI y Arbumasa\u00a0 XXVIII, dos buques que perteneciente a la firma Arbumasa que zarparon ayer a la tarde hacia\u00a0 zona pesca. &nbsp; La salida de los buques se hizo posible luego que el Ministerio de Trabajo dictara la conciliaci\u00f3n obligatoria por el t\u00e9rmino de 15 d\u00edas en el conflicto que mantienen la c\u00e1mara que nuclea a los buques poteros y el Somu por un incremento en los valores de producci\u00f3n. Fuente: Mar y Pesca","og_url":"https:\/\/www.capeca.org.ar\/index.php\/2019\/01\/06\/calamar-buques-con-puerto-de-asiento-en-deseado-zarparon-hacia-zona-de-pesca\/","og_site_name":"C.A.Pe.C.A.","article_published_time":"2019-01-06T13:55:00+00:00","article_modified_time":"2019-01-14T02:21:45+00:00","og_image":[{"width":640,"height":397,"url":"https:\/\/www.capeca.org.ar\/wp\/wp-content\/uploads\/2019\/01\/69bca7da-2dc2-424f-8707-091aadca66ae.jpg","type":"image\/jpeg"}],"author":"CAPeCA","twitter_card":"summary_large_image","twitter_misc":{"Escrito por":"CAPeCA"},"schema":{"@context":"https:\/\/schema.org","@graph":[{"@type":"WebPage","@id":"https:\/\/www.capeca.org.ar\/index.php\/2019\/01\/06\/calamar-buques-con-puerto-de-asiento-en-deseado-zarparon-hacia-zona-de-pesca\/","url":"https:\/\/www.capeca.org.ar\/index.php\/2019\/01\/06\/calamar-buques-con-puerto-de-asiento-en-deseado-zarparon-hacia-zona-de-pesca\/","name":"CALAMAR: BUQUES CON PUERTO DE ASIENTO EN DESEADO ZARPARON HACIA ZONA DE PESCA - C.A.Pe.C.A.","isPartOf":{"@id":"https:\/\/www.capeca.org.ar\/#website"},"primaryImageOfPage":{"@id":"https:\/\/www.capeca.org.ar\/index.php\/2019\/01\/06\/calamar-buques-con-puerto-de-asiento-en-deseado-zarparon-hacia-zona-de-pesca\/#primaryimage"},"image":{"@id":"https:\/\/www.capeca.org.ar\/index.php\/2019\/01\/06\/calamar-buques-con-puerto-de-asiento-en-deseado-zarparon-hacia-zona-de-pesca\/#primaryimage"},"thumbnailUrl":"https:\/\/www.capeca.org.ar\/wp\/wp-content\/uploads\/2019\/01\/69bca7da-2dc2-424f-8707-091aadca66ae.jpg","datePublished":"2019-01-06T13:55:00+00:00","dateModified":"2019-01-14T02:21:45+00:00","author":{"@id":"https:\/\/www.capeca.org.ar\/#\/schema\/person\/43dc64f7ef5c0482f883f13c92a1b947"},"breadcrumb":{"@id":"https:\/\/www.capeca.org.ar\/index.php\/2019\/01\/06\/calamar-buques-con-puerto-de-asiento-en-deseado-zarparon-hacia-zona-de-pesca\/#breadcrumb"},"inLanguage":"es","potentialAction":[{"@type":"ReadAction","target":["https:\/\/www.capeca.org.ar\/index.php\/2019\/01\/06\/calamar-buques-con-puerto-de-asiento-en-deseado-zarparon-hacia-zona-de-pesca\/"]}]},{"@type":"ImageObject","inLanguage":"es","@id":"https:\/\/www.capeca.org.ar\/index.php\/2019\/01\/06\/calamar-buques-con-puerto-de-asiento-en-deseado-zarparon-hacia-zona-de-pesca\/#primaryimage","url":"https:\/\/www.capeca.org.ar\/wp\/wp-content\/uploads\/2019\/01\/69bca7da-2dc2-424f-8707-091aadca66ae.jpg","contentUrl":"https:\/\/www.capeca.org.ar\/wp\/wp-content\/uploads\/2019\/01\/69bca7da-2dc2-424f-8707-091aadca66ae.jpg","width":640,"height":397},{"@type":"BreadcrumbList","@id":"https:\/\/www.capeca.org.ar\/index.php\/2019\/01\/06\/calamar-buques-con-puerto-de-asiento-en-deseado-zarparon-hacia-zona-de-pesca\/#breadcrumb","itemListElement":[{"@type":"ListItem","position":1,"name":"Portada","item":"https:\/\/www.capeca.org.ar\/"},{"@type":"ListItem","position":2,"name":"CALAMAR: BUQUES CON PUERTO DE ASIENTO EN DESEADO ZARPARON HACIA ZONA DE PESCA"}]},{"@type":"WebSite","@id":"https:\/\/www.capeca.org.ar\/#website","url":"https:\/\/www.capeca.org.ar\/","name":"C.A.Pe.C.A.","description":"C\u00e1mara de Armadores de Pesqueros y Congeladores de la Argentina","potentialAction":[{"@type":"SearchAction","target":{"@type":"EntryPoint","urlTemplate":"https:\/\/www.capeca.org.ar\/?s={search_term_string}"},"query-input":{"@type":"PropertyValueSpecification","valueRequired":true,"valueName":"search_term_string"}}],"inLanguage":"es"},{"@type":"Person","@id":"https:\/\/www.capeca.org.ar\/#\/schema\/person\/43dc64f7ef5c0482f883f13c92a1b947","name":"CAPeCA","image":{"@type":"ImageObject","inLanguage":"es","@id":"https:\/\/www.capeca.org.ar\/#\/schema\/person\/image\/","url":"https:\/\/secure.gravatar.com\/avatar\/236a623f39daa823cf184d241dcde1ff?s=96&d=mm&r=g","contentUrl":"https:\/\/secure.gravatar.com\/avatar\/236a623f39daa823cf184d241dcde1ff?s=96&d=mm&r=g","caption":"CAPeCA"},"url":"https:\/\/www.capeca.org.ar\/index.php\/author\/capeca\/"}]}},"_links":{"self":[{"href":"https:\/\/www.capeca.org.ar\/index.php\/wp-json\/wp\/v2\/posts\/1731","targetHints":{"allow":["GET"]}}],"collection":[{"href":"https:\/\/www.capeca.org.ar\/index.php\/wp-json\/wp\/v2\/posts"}],"about":[{"href":"https:\/\/www.capeca.org.ar\/index.php\/wp-json\/wp\/v2\/types\/post"}],"author":[{"embeddable":true,"href":"https:\/\/www.capeca.org.ar\/index.php\/wp-json\/wp\/v2\/users\/2"}],"replies":[{"embeddable":true,"href":"https:\/\/www.capeca.org.ar\/index.php\/wp-json\/wp\/v2\/comments?post=1731"}],"version-history":[{"count":1,"href":"https:\/\/www.capeca.org.ar\/index.php\/wp-json\/wp\/v2\/posts\/1731\/revisions"}],"predecessor-version":[{"id":1733,"href":"https:\/\/www.capeca.org.ar\/index.php\/wp-json\/wp\/v2\/posts\/1731\/revisions\/1733"}],"wp:featuredmedia":[{"embeddable":true,"href":"https:\/\/www.capeca.org.ar\/index.php\/wp-json\/wp\/v2\/media\/1732"}],"wp:attachment":[{"href":"https:\/\/www.capeca.org.ar\/index.php\/wp-json\/wp\/v2\/media?parent=1731"}],"wp:term":[{"taxonomy":"category","embeddable":true,"href":"https:\/\/www.capeca.org.ar\/index.php\/wp-json\/wp\/v2\/categories?post=1731"},{"taxonomy":"post_tag","embeddable":true,"href":"https:\/\/www.capeca.org.ar\/index.php\/wp-json\/wp\/v2\/tags?post=1731"}],"curies":[{"name":"wp","href":"https:\/\/api.w.org\/{rel}","templated":true}]}}