{"id":1722,"date":"2019-01-04T11:18:51","date_gmt":"2019-01-04T14:18:51","guid":{"rendered":"https:\/\/www.capeca.org.ar\/?p=1722"},"modified":"2019-01-04T11:18:51","modified_gmt":"2019-01-04T14:18:51","slug":"aclaran-que-los-poteros-nucleados-en-cepa-no-estan-en-conflicto-con-el-somu","status":"publish","type":"post","link":"https:\/\/www.capeca.org.ar\/index.php\/2019\/01\/04\/aclaran-que-los-poteros-nucleados-en-cepa-no-estan-en-conflicto-con-el-somu\/","title":{"rendered":"Aclaran que los poteros nucleados en Cepa no est\u00e1n en conflicto con el SOMU"},"content":{"rendered":"<p class=\"article-title\"><span style=\"font-size: 12pt;\">\u201cCon ellos tenemos un acuerdo que est\u00e1 vigente y nosotros lo respetamos\u201d, expuso el secretario de Pesca en la entidad gremial, \u00c1ngel Juan Navarro.<\/span><\/p>\n<p class=\"article-title\"><span style=\"font-size: 16px;\">El pasado viernes, el Somu comunic\u00f3 el inicio de una retenci\u00f3n de tareas en toda la flota potera a partir del desacuerdo que mantiene con la C\u00e1mara de Armadores de Poteros Argentinos (Capa) en torno al salario de los marineros.<\/span><\/p>\n<div class=\"post-text text-content\">\n<p>\u201cA partir del 1\u00b0 de enero habr\u00e1 retenci\u00f3n de tareas en todos los buques poteros, los cuales no podr\u00e1n salir a navegar hasta tanto se actualicen los valores de producci\u00f3n y salarios fijos\u201d, hab\u00eda informado el sindicato a trav\u00e9s de las redes sociales.<\/p>\n<p>Hoy la medida de protesta est\u00e1 suspendida por la conciliaci\u00f3n obligatoria que dict\u00f3 el Ministerio de Producci\u00f3n y Trabajo; sin embargo, el secretario de Pesca en el Somu, \u00c1ngel Juan Navarro, aclar\u00f3 que en cualquier caso el paro no alcanza a los poteros del Consejo de Empresas Pesqueras Argentinas (Cepa).<\/p>\n<p>\u201c<strong>Cepa no est\u00e1 involucrada en el paro. Ellos el valor del calamar lo tienen en d\u00f3lares, as\u00ed que no hay ning\u00fan problema<\/strong>. El conflicto est\u00e1 con los poteros de Capa que quieren seguir pagando en pesos\u201d, manifest\u00f3 el dirigente gremial ante la consulta de\u00a0<em>Pescare.com.ar<\/em>.<\/p>\n<p>El acuerdo con Cepa, vale recordarlo, se firm\u00f3 en septiembre pasado e incluye un valor en d\u00f3lares por producci\u00f3n que se considera de referencia a los fines de la liquidaci\u00f3n salarial.<\/p>\n<p><strong>Contraste con Capa<\/strong><\/p>\n<p><strong>\u201cNo puedo tener dos barcos de distintas c\u00e1maras en un mismo puerto: unos cobrando una cosa y otros, otra<\/strong>. Empecemos a equiparar todos los montos para que todos los marineros cobren lo mismo\u201d, dijo Navarro respecto a la diferencia con Capa.<\/p>\n<p>En tanto, una fuente de esa c\u00e1mara dej\u00f3 trascender que est\u00e1n ofreciendo un incremento del 50 por ciento sobre los rubros fijos y del 45 por ciento sobre la producci\u00f3n. Por ahora, el esquema fue rechazado por los delegados de los trabajadores.<\/p>\n<p><strong>Los representantes del Somu y Capa seguir\u00e1n la negociaci\u00f3n este viernes, a las 11<\/strong>. Las partes fueron citadas por Trabajo a una audiencia mientras los buques comienzan a soltar amarras con la conciliaci\u00f3n obligatoria por quince d\u00edas como marco.<\/p>\n<p>Fuente: www.pescare.com.ar<\/p>\n<\/div>\n","protected":false},"excerpt":{"rendered":"<p>\u201cCon ellos tenemos un acuerdo que est\u00e1 vigente y nosotros lo respetamos\u201d, expuso el secretario de Pesca en la entidad gremial, \u00c1ngel Juan Navarro. El pasado viernes, el Somu comunic\u00f3 el inicio de una retenci\u00f3n de tareas en toda la flota potera a partir del desacuerdo que mantiene con la C\u00e1mara de Armadores de Poteros Argentinos (Capa) en torno al salario de los marineros. \u201cA partir del 1\u00b0 de enero habr\u00e1 retenci\u00f3n de tareas en todos los buques poteros, los cuales no podr\u00e1n salir a navegar hasta tanto se actualicen los valores de producci\u00f3n y salarios fijos\u201d, hab\u00eda informado el sindicato a trav\u00e9s de las redes sociales. Hoy la medida de protesta est\u00e1 suspendida por la conciliaci\u00f3n obligatoria que dict\u00f3 el Ministerio de Producci\u00f3n y Trabajo; sin embargo, el secretario de Pesca en el Somu, \u00c1ngel Juan Navarro, aclar\u00f3 que en cualquier caso el paro no alcanza a los poteros del Consejo de Empresas Pesqueras Argentinas (Cepa). \u201cCepa no est\u00e1 involucrada en el paro. Ellos el valor del calamar lo tienen en d\u00f3lares, as\u00ed que no hay ning\u00fan problema. El conflicto est\u00e1 con los poteros de Capa que quieren seguir pagando en pesos\u201d, manifest\u00f3 el dirigente gremial ante la consulta de\u00a0Pescare.com.ar. El acuerdo con Cepa, vale recordarlo, se firm\u00f3 en septiembre pasado e incluye un valor en d\u00f3lares por producci\u00f3n que se considera de referencia a los fines de la liquidaci\u00f3n salarial. Contraste con Capa \u201cNo puedo tener dos barcos de distintas c\u00e1maras en un mismo puerto: unos cobrando una cosa y otros, otra. Empecemos a equiparar todos los montos para que todos los marineros cobren lo mismo\u201d, dijo Navarro respecto a la diferencia con Capa. En tanto, una fuente de esa c\u00e1mara dej\u00f3 trascender que est\u00e1n ofreciendo un incremento del 50 por ciento sobre los rubros fijos y del 45 por ciento sobre la producci\u00f3n. Por ahora, el esquema fue rechazado por los delegados de los trabajadores. Los representantes del Somu y Capa seguir\u00e1n la negociaci\u00f3n este viernes, a las 11. Las partes fueron citadas por Trabajo a una audiencia mientras los buques comienzan a soltar amarras con la conciliaci\u00f3n obligatoria por quince d\u00edas como marco. Fuente: www.pescare.com.ar<\/p>\n","protected":false},"author":2,"featured_media":1723,"comment_status":"open","ping_status":"open","sticky":false,"template":"","format":"standard","meta":{"_monsterinsights_skip_tracking":false,"_monsterinsights_sitenote_active":false,"_monsterinsights_sitenote_note":"","_monsterinsights_sitenote_category":0,"neve_meta_sidebar":"","neve_meta_container":"","neve_meta_enable_content_width":"","neve_meta_content_width":0,"neve_meta_title_alignment":"","neve_meta_author_avatar":"","neve_post_elements_order":"","neve_meta_disable_header":"","neve_meta_disable_footer":"","neve_meta_disable_title":"","footnotes":""},"categories":[1],"tags":[66,77,57,35],"class_list":["post-1722","post","type-post","status-publish","format-standard","has-post-thumbnail","hentry","category-noticias","tag-calamar","tag-cepa","tag-pesca","tag-somu"],"yoast_head":"<!-- This site is optimized with the Yoast SEO plugin v24.1 - https:\/\/yoast.com\/wordpress\/plugins\/seo\/ -->\n<title>Aclaran que los poteros nucleados en Cepa no est\u00e1n en conflicto con el SOMU - C.A.Pe.C.A.<\/title>\n<meta name=\"robots\" content=\"index, follow, max-snippet:-1, max-image-preview:large, max-video-preview:-1\" \/>\n<link rel=\"canonical\" href=\"https:\/\/www.capeca.org.ar\/index.php\/2019\/01\/04\/aclaran-que-los-poteros-nucleados-en-cepa-no-estan-en-conflicto-con-el-somu\/\" \/>\n<meta property=\"og:locale\" content=\"es_ES\" \/>\n<meta property=\"og:type\" content=\"article\" \/>\n<meta property=\"og:title\" content=\"Aclaran que los poteros nucleados en Cepa no est\u00e1n en conflicto con el SOMU - C.A.Pe.C.A.\" \/>\n<meta property=\"og:description\" content=\"\u201cCon ellos tenemos un acuerdo que est\u00e1 vigente y nosotros lo respetamos\u201d, expuso el secretario de Pesca en la entidad gremial, \u00c1ngel Juan Navarro. El pasado viernes, el Somu comunic\u00f3 el inicio de una retenci\u00f3n de tareas en toda la flota potera a partir del desacuerdo que mantiene con la C\u00e1mara de Armadores de Poteros Argentinos (Capa) en torno al salario de los marineros. \u201cA partir del 1\u00b0 de enero habr\u00e1 retenci\u00f3n de tareas en todos los buques poteros, los cuales no podr\u00e1n salir a navegar hasta tanto se actualicen los valores de producci\u00f3n y salarios fijos\u201d, hab\u00eda informado el sindicato a trav\u00e9s de las redes sociales. Hoy la medida de protesta est\u00e1 suspendida por la conciliaci\u00f3n obligatoria que dict\u00f3 el Ministerio de Producci\u00f3n y Trabajo; sin embargo, el secretario de Pesca en el Somu, \u00c1ngel Juan Navarro, aclar\u00f3 que en cualquier caso el paro no alcanza a los poteros del Consejo de Empresas Pesqueras Argentinas (Cepa). \u201cCepa no est\u00e1 involucrada en el paro. Ellos el valor del calamar lo tienen en d\u00f3lares, as\u00ed que no hay ning\u00fan problema. El conflicto est\u00e1 con los poteros de Capa que quieren seguir pagando en pesos\u201d, manifest\u00f3 el dirigente gremial ante la consulta de\u00a0Pescare.com.ar. El acuerdo con Cepa, vale recordarlo, se firm\u00f3 en septiembre pasado e incluye un valor en d\u00f3lares por producci\u00f3n que se considera de referencia a los fines de la liquidaci\u00f3n salarial. Contraste con Capa \u201cNo puedo tener dos barcos de distintas c\u00e1maras en un mismo puerto: unos cobrando una cosa y otros, otra. Empecemos a equiparar todos los montos para que todos los marineros cobren lo mismo\u201d, dijo Navarro respecto a la diferencia con Capa. En tanto, una fuente de esa c\u00e1mara dej\u00f3 trascender que est\u00e1n ofreciendo un incremento del 50 por ciento sobre los rubros fijos y del 45 por ciento sobre la producci\u00f3n. Por ahora, el esquema fue rechazado por los delegados de los trabajadores. Los representantes del Somu y Capa seguir\u00e1n la negociaci\u00f3n este viernes, a las 11. Las partes fueron citadas por Trabajo a una audiencia mientras los buques comienzan a soltar amarras con la conciliaci\u00f3n obligatoria por quince d\u00edas como marco. Fuente: www.pescare.com.ar\" \/>\n<meta property=\"og:url\" content=\"https:\/\/www.capeca.org.ar\/index.php\/2019\/01\/04\/aclaran-que-los-poteros-nucleados-en-cepa-no-estan-en-conflicto-con-el-somu\/\" \/>\n<meta property=\"og:site_name\" content=\"C.A.Pe.C.A.\" \/>\n<meta property=\"article:published_time\" content=\"2019-01-04T14:18:51+00:00\" \/>\n<meta property=\"og:image\" content=\"https:\/\/www.capeca.org.ar\/wp\/wp-content\/uploads\/2019\/01\/navegantesII_18-1024x604.jpg\" \/>\n\t<meta property=\"og:image:width\" content=\"1024\" \/>\n\t<meta property=\"og:image:height\" content=\"604\" \/>\n\t<meta property=\"og:image:type\" content=\"image\/jpeg\" \/>\n<meta name=\"author\" content=\"CAPeCA\" \/>\n<meta name=\"twitter:card\" content=\"summary_large_image\" \/>\n<meta name=\"twitter:label1\" content=\"Escrito por\" \/>\n\t<meta name=\"twitter:data1\" content=\"CAPeCA\" \/>\n\t<meta name=\"twitter:label2\" content=\"Tiempo de lectura\" \/>\n\t<meta name=\"twitter:data2\" content=\"2 minutos\" \/>\n<script type=\"application\/ld+json\" class=\"yoast-schema-graph\">{\"@context\":\"https:\/\/schema.org\",\"@graph\":[{\"@type\":\"WebPage\",\"@id\":\"https:\/\/www.capeca.org.ar\/index.php\/2019\/01\/04\/aclaran-que-los-poteros-nucleados-en-cepa-no-estan-en-conflicto-con-el-somu\/\",\"url\":\"https:\/\/www.capeca.org.ar\/index.php\/2019\/01\/04\/aclaran-que-los-poteros-nucleados-en-cepa-no-estan-en-conflicto-con-el-somu\/\",\"name\":\"Aclaran que los poteros nucleados en Cepa no est\u00e1n en conflicto con el SOMU - C.A.Pe.C.A.\",\"isPartOf\":{\"@id\":\"https:\/\/www.capeca.org.ar\/#website\"},\"primaryImageOfPage\":{\"@id\":\"https:\/\/www.capeca.org.ar\/index.php\/2019\/01\/04\/aclaran-que-los-poteros-nucleados-en-cepa-no-estan-en-conflicto-con-el-somu\/#primaryimage\"},\"image\":{\"@id\":\"https:\/\/www.capeca.org.ar\/index.php\/2019\/01\/04\/aclaran-que-los-poteros-nucleados-en-cepa-no-estan-en-conflicto-con-el-somu\/#primaryimage\"},\"thumbnailUrl\":\"https:\/\/www.capeca.org.ar\/wp\/wp-content\/uploads\/2019\/01\/navegantesII_18-1024x604.jpg\",\"datePublished\":\"2019-01-04T14:18:51+00:00\",\"dateModified\":\"2019-01-04T14:18:51+00:00\",\"author\":{\"@id\":\"https:\/\/www.capeca.org.ar\/#\/schema\/person\/43dc64f7ef5c0482f883f13c92a1b947\"},\"breadcrumb\":{\"@id\":\"https:\/\/www.capeca.org.ar\/index.php\/2019\/01\/04\/aclaran-que-los-poteros-nucleados-en-cepa-no-estan-en-conflicto-con-el-somu\/#breadcrumb\"},\"inLanguage\":\"es\",\"potentialAction\":[{\"@type\":\"ReadAction\",\"target\":[\"https:\/\/www.capeca.org.ar\/index.php\/2019\/01\/04\/aclaran-que-los-poteros-nucleados-en-cepa-no-estan-en-conflicto-con-el-somu\/\"]}]},{\"@type\":\"ImageObject\",\"inLanguage\":\"es\",\"@id\":\"https:\/\/www.capeca.org.ar\/index.php\/2019\/01\/04\/aclaran-que-los-poteros-nucleados-en-cepa-no-estan-en-conflicto-con-el-somu\/#primaryimage\",\"url\":\"https:\/\/www.capeca.org.ar\/wp\/wp-content\/uploads\/2019\/01\/navegantesII_18-1024x604.jpg\",\"contentUrl\":\"https:\/\/www.capeca.org.ar\/wp\/wp-content\/uploads\/2019\/01\/navegantesII_18-1024x604.jpg\",\"width\":1024,\"height\":604},{\"@type\":\"BreadcrumbList\",\"@id\":\"https:\/\/www.capeca.org.ar\/index.php\/2019\/01\/04\/aclaran-que-los-poteros-nucleados-en-cepa-no-estan-en-conflicto-con-el-somu\/#breadcrumb\",\"itemListElement\":[{\"@type\":\"ListItem\",\"position\":1,\"name\":\"Portada\",\"item\":\"https:\/\/www.capeca.org.ar\/\"},{\"@type\":\"ListItem\",\"position\":2,\"name\":\"Aclaran que los poteros nucleados en Cepa no est\u00e1n en conflicto con el SOMU\"}]},{\"@type\":\"WebSite\",\"@id\":\"https:\/\/www.capeca.org.ar\/#website\",\"url\":\"https:\/\/www.capeca.org.ar\/\",\"name\":\"C.A.Pe.C.A.\",\"description\":\"C\u00e1mara de Armadores de Pesqueros y Congeladores de la Argentina\",\"potentialAction\":[{\"@type\":\"SearchAction\",\"target\":{\"@type\":\"EntryPoint\",\"urlTemplate\":\"https:\/\/www.capeca.org.ar\/?s={search_term_string}\"},\"query-input\":{\"@type\":\"PropertyValueSpecification\",\"valueRequired\":true,\"valueName\":\"search_term_string\"}}],\"inLanguage\":\"es\"},{\"@type\":\"Person\",\"@id\":\"https:\/\/www.capeca.org.ar\/#\/schema\/person\/43dc64f7ef5c0482f883f13c92a1b947\",\"name\":\"CAPeCA\",\"image\":{\"@type\":\"ImageObject\",\"inLanguage\":\"es\",\"@id\":\"https:\/\/www.capeca.org.ar\/#\/schema\/person\/image\/\",\"url\":\"https:\/\/secure.gravatar.com\/avatar\/236a623f39daa823cf184d241dcde1ff?s=96&d=mm&r=g\",\"contentUrl\":\"https:\/\/secure.gravatar.com\/avatar\/236a623f39daa823cf184d241dcde1ff?s=96&d=mm&r=g\",\"caption\":\"CAPeCA\"},\"url\":\"https:\/\/www.capeca.org.ar\/index.php\/author\/capeca\/\"}]}<\/script>\n<!-- \/ Yoast SEO plugin. -->","yoast_head_json":{"title":"Aclaran que los poteros nucleados en Cepa no est\u00e1n en conflicto con el SOMU - C.A.Pe.C.A.","robots":{"index":"index","follow":"follow","max-snippet":"max-snippet:-1","max-image-preview":"max-image-preview:large","max-video-preview":"max-video-preview:-1"},"canonical":"https:\/\/www.capeca.org.ar\/index.php\/2019\/01\/04\/aclaran-que-los-poteros-nucleados-en-cepa-no-estan-en-conflicto-con-el-somu\/","og_locale":"es_ES","og_type":"article","og_title":"Aclaran que los poteros nucleados en Cepa no est\u00e1n en conflicto con el SOMU - C.A.Pe.C.A.","og_description":"\u201cCon ellos tenemos un acuerdo que est\u00e1 vigente y nosotros lo respetamos\u201d, expuso el secretario de Pesca en la entidad gremial, \u00c1ngel Juan Navarro. El pasado viernes, el Somu comunic\u00f3 el inicio de una retenci\u00f3n de tareas en toda la flota potera a partir del desacuerdo que mantiene con la C\u00e1mara de Armadores de Poteros Argentinos (Capa) en torno al salario de los marineros. \u201cA partir del 1\u00b0 de enero habr\u00e1 retenci\u00f3n de tareas en todos los buques poteros, los cuales no podr\u00e1n salir a navegar hasta tanto se actualicen los valores de producci\u00f3n y salarios fijos\u201d, hab\u00eda informado el sindicato a trav\u00e9s de las redes sociales. Hoy la medida de protesta est\u00e1 suspendida por la conciliaci\u00f3n obligatoria que dict\u00f3 el Ministerio de Producci\u00f3n y Trabajo; sin embargo, el secretario de Pesca en el Somu, \u00c1ngel Juan Navarro, aclar\u00f3 que en cualquier caso el paro no alcanza a los poteros del Consejo de Empresas Pesqueras Argentinas (Cepa). \u201cCepa no est\u00e1 involucrada en el paro. Ellos el valor del calamar lo tienen en d\u00f3lares, as\u00ed que no hay ning\u00fan problema. El conflicto est\u00e1 con los poteros de Capa que quieren seguir pagando en pesos\u201d, manifest\u00f3 el dirigente gremial ante la consulta de\u00a0Pescare.com.ar. El acuerdo con Cepa, vale recordarlo, se firm\u00f3 en septiembre pasado e incluye un valor en d\u00f3lares por producci\u00f3n que se considera de referencia a los fines de la liquidaci\u00f3n salarial. Contraste con Capa \u201cNo puedo tener dos barcos de distintas c\u00e1maras en un mismo puerto: unos cobrando una cosa y otros, otra. Empecemos a equiparar todos los montos para que todos los marineros cobren lo mismo\u201d, dijo Navarro respecto a la diferencia con Capa. En tanto, una fuente de esa c\u00e1mara dej\u00f3 trascender que est\u00e1n ofreciendo un incremento del 50 por ciento sobre los rubros fijos y del 45 por ciento sobre la producci\u00f3n. Por ahora, el esquema fue rechazado por los delegados de los trabajadores. Los representantes del Somu y Capa seguir\u00e1n la negociaci\u00f3n este viernes, a las 11. Las partes fueron citadas por Trabajo a una audiencia mientras los buques comienzan a soltar amarras con la conciliaci\u00f3n obligatoria por quince d\u00edas como marco. Fuente: www.pescare.com.ar","og_url":"https:\/\/www.capeca.org.ar\/index.php\/2019\/01\/04\/aclaran-que-los-poteros-nucleados-en-cepa-no-estan-en-conflicto-con-el-somu\/","og_site_name":"C.A.Pe.C.A.","article_published_time":"2019-01-04T14:18:51+00:00","og_image":[{"width":1024,"height":604,"url":"https:\/\/www.capeca.org.ar\/wp\/wp-content\/uploads\/2019\/01\/navegantesII_18-1024x604.jpg","type":"image\/jpeg"}],"author":"CAPeCA","twitter_card":"summary_large_image","twitter_misc":{"Escrito por":"CAPeCA","Tiempo de lectura":"2 minutos"},"schema":{"@context":"https:\/\/schema.org","@graph":[{"@type":"WebPage","@id":"https:\/\/www.capeca.org.ar\/index.php\/2019\/01\/04\/aclaran-que-los-poteros-nucleados-en-cepa-no-estan-en-conflicto-con-el-somu\/","url":"https:\/\/www.capeca.org.ar\/index.php\/2019\/01\/04\/aclaran-que-los-poteros-nucleados-en-cepa-no-estan-en-conflicto-con-el-somu\/","name":"Aclaran que los poteros nucleados en Cepa no est\u00e1n en conflicto con el SOMU - C.A.Pe.C.A.","isPartOf":{"@id":"https:\/\/www.capeca.org.ar\/#website"},"primaryImageOfPage":{"@id":"https:\/\/www.capeca.org.ar\/index.php\/2019\/01\/04\/aclaran-que-los-poteros-nucleados-en-cepa-no-estan-en-conflicto-con-el-somu\/#primaryimage"},"image":{"@id":"https:\/\/www.capeca.org.ar\/index.php\/2019\/01\/04\/aclaran-que-los-poteros-nucleados-en-cepa-no-estan-en-conflicto-con-el-somu\/#primaryimage"},"thumbnailUrl":"https:\/\/www.capeca.org.ar\/wp\/wp-content\/uploads\/2019\/01\/navegantesII_18-1024x604.jpg","datePublished":"2019-01-04T14:18:51+00:00","dateModified":"2019-01-04T14:18:51+00:00","author":{"@id":"https:\/\/www.capeca.org.ar\/#\/schema\/person\/43dc64f7ef5c0482f883f13c92a1b947"},"breadcrumb":{"@id":"https:\/\/www.capeca.org.ar\/index.php\/2019\/01\/04\/aclaran-que-los-poteros-nucleados-en-cepa-no-estan-en-conflicto-con-el-somu\/#breadcrumb"},"inLanguage":"es","potentialAction":[{"@type":"ReadAction","target":["https:\/\/www.capeca.org.ar\/index.php\/2019\/01\/04\/aclaran-que-los-poteros-nucleados-en-cepa-no-estan-en-conflicto-con-el-somu\/"]}]},{"@type":"ImageObject","inLanguage":"es","@id":"https:\/\/www.capeca.org.ar\/index.php\/2019\/01\/04\/aclaran-que-los-poteros-nucleados-en-cepa-no-estan-en-conflicto-con-el-somu\/#primaryimage","url":"https:\/\/www.capeca.org.ar\/wp\/wp-content\/uploads\/2019\/01\/navegantesII_18-1024x604.jpg","contentUrl":"https:\/\/www.capeca.org.ar\/wp\/wp-content\/uploads\/2019\/01\/navegantesII_18-1024x604.jpg","width":1024,"height":604},{"@type":"BreadcrumbList","@id":"https:\/\/www.capeca.org.ar\/index.php\/2019\/01\/04\/aclaran-que-los-poteros-nucleados-en-cepa-no-estan-en-conflicto-con-el-somu\/#breadcrumb","itemListElement":[{"@type":"ListItem","position":1,"name":"Portada","item":"https:\/\/www.capeca.org.ar\/"},{"@type":"ListItem","position":2,"name":"Aclaran que los poteros nucleados en Cepa no est\u00e1n en conflicto con el SOMU"}]},{"@type":"WebSite","@id":"https:\/\/www.capeca.org.ar\/#website","url":"https:\/\/www.capeca.org.ar\/","name":"C.A.Pe.C.A.","description":"C\u00e1mara de Armadores de Pesqueros y Congeladores de la Argentina","potentialAction":[{"@type":"SearchAction","target":{"@type":"EntryPoint","urlTemplate":"https:\/\/www.capeca.org.ar\/?s={search_term_string}"},"query-input":{"@type":"PropertyValueSpecification","valueRequired":true,"valueName":"search_term_string"}}],"inLanguage":"es"},{"@type":"Person","@id":"https:\/\/www.capeca.org.ar\/#\/schema\/person\/43dc64f7ef5c0482f883f13c92a1b947","name":"CAPeCA","image":{"@type":"ImageObject","inLanguage":"es","@id":"https:\/\/www.capeca.org.ar\/#\/schema\/person\/image\/","url":"https:\/\/secure.gravatar.com\/avatar\/236a623f39daa823cf184d241dcde1ff?s=96&d=mm&r=g","contentUrl":"https:\/\/secure.gravatar.com\/avatar\/236a623f39daa823cf184d241dcde1ff?s=96&d=mm&r=g","caption":"CAPeCA"},"url":"https:\/\/www.capeca.org.ar\/index.php\/author\/capeca\/"}]}},"_links":{"self":[{"href":"https:\/\/www.capeca.org.ar\/index.php\/wp-json\/wp\/v2\/posts\/1722","targetHints":{"allow":["GET"]}}],"collection":[{"href":"https:\/\/www.capeca.org.ar\/index.php\/wp-json\/wp\/v2\/posts"}],"about":[{"href":"https:\/\/www.capeca.org.ar\/index.php\/wp-json\/wp\/v2\/types\/post"}],"author":[{"embeddable":true,"href":"https:\/\/www.capeca.org.ar\/index.php\/wp-json\/wp\/v2\/users\/2"}],"replies":[{"embeddable":true,"href":"https:\/\/www.capeca.org.ar\/index.php\/wp-json\/wp\/v2\/comments?post=1722"}],"version-history":[{"count":1,"href":"https:\/\/www.capeca.org.ar\/index.php\/wp-json\/wp\/v2\/posts\/1722\/revisions"}],"predecessor-version":[{"id":1724,"href":"https:\/\/www.capeca.org.ar\/index.php\/wp-json\/wp\/v2\/posts\/1722\/revisions\/1724"}],"wp:featuredmedia":[{"embeddable":true,"href":"https:\/\/www.capeca.org.ar\/index.php\/wp-json\/wp\/v2\/media\/1723"}],"wp:attachment":[{"href":"https:\/\/www.capeca.org.ar\/index.php\/wp-json\/wp\/v2\/media?parent=1722"}],"wp:term":[{"taxonomy":"category","embeddable":true,"href":"https:\/\/www.capeca.org.ar\/index.php\/wp-json\/wp\/v2\/categories?post=1722"},{"taxonomy":"post_tag","embeddable":true,"href":"https:\/\/www.capeca.org.ar\/index.php\/wp-json\/wp\/v2\/tags?post=1722"}],"curies":[{"name":"wp","href":"https:\/\/api.w.org\/{rel}","templated":true}]}}