{"id":1349,"date":"2018-09-14T15:01:36","date_gmt":"2018-09-14T15:01:36","guid":{"rendered":"http:\/\/www.capeca.org.ar\/wp\/?p=1349"},"modified":"2018-09-26T02:25:10","modified_gmt":"2018-09-26T02:25:10","slug":"capeca-convoco-a-asamblea-para-expulsar-a-argenova","status":"publish","type":"post","link":"https:\/\/www.capeca.org.ar\/index.php\/2018\/09\/14\/capeca-convoco-a-asamblea-para-expulsar-a-argenova\/","title":{"rendered":"CAPECA convoc\u00f3 a asamblea para expulsar a Argenova"},"content":{"rendered":"<p>[vc_row][vc_column width=\u00bb3\/4&#8243;][vc_column_text]El 27 de septiembre se reunir\u00e1n las empresas asociadas a la c\u00e1mara de los congeladores para analizar la conducta de esa firma en la negociaci\u00f3n con el SOMU. Proponen expulsarla de la entidad por \u201cdeslealtad\u201d al haber acordado a espaldas del resto.<\/p>\n<p>La comisi\u00f3n directiva de la C\u00e1mara de Armadores de Pesqueros y Congeladores de la Argentina (CAPECA), integrada por representantes de diez de sus asociados, decidieron \u201cproponer\u201d a una asamblea general con car\u00e1cter extraordinaria la \u201cexpulsi\u00f3n de la firma Argenova S.A.\u201d, atento la \u201cconducta \u00e9ticamente reprochable\u201d asumida durante las negociaciones paritarias con el Sindicato de Obreros Mar\u00edtimos Unidos (SOMU).<\/p>\n<p>Cabe recordar que durante cinco meses se vino negociando en un frente com\u00fan, y por primera vez, en forma conjunta entre las c\u00e1maras CAPECA y CAPIP con el sindicato de los marineros.<\/p>\n<p>Las dos entidades empresariales re\u00fanen a la mayor parte de la flota congeladora argentina, y con estrategias consensuadas ven\u00edan llevando adelante una s\u00f3lida postura unificada en las tratativas paritarias con ese gremio de los tripulantes.<\/p>\n<p>El jueves de la semana pasada, y tras intensas conversaciones entre CAPECA y el SOMU, se hab\u00eda acordado pasar a un cuarto intermedio hasta el lunes para darle continuidad al proceso de negociaci\u00f3n bipartita. Sorpresivamente, en la noche de ese mismo d\u00eda, el Sindicato de Obreros Mar\u00edtimos Unidos suscrib\u00eda un acuerdo con los representantes y apoderados de la firma Argenova.<\/p>\n<p>Esa postura unilateral de la compa\u00f1\u00eda fue considerada como una \u201cactitud desleal\u201d por otras de las asociadas a la c\u00e1mara, ya que esa situaci\u00f3n de hecho rompi\u00f3 la estrategia inicial del sector congelador.<\/p>\n<p>Le atribuyen a Argenova haber incurrido en una \u201cconducta \u00e9ticamente reprochable\u201d y, en ese marco, otras diez empresas concertaron el llamado a asamblea extraordinaria para someter a votaci\u00f3n de las 16 compa\u00f1\u00edas afiliadas la propuesta de expulsi\u00f3n de la empresa.[\/vc_column_text][vc_single_image image=\u00bb1449&#8243; img_size=\u00bbfull\u00bb alignment=\u00bbcenter\u00bb][\/vc_column][vc_column width=\u00bb1\/4&#8243;][stm_sidebar sidebar=\u00bb272&#8243;][\/vc_column][\/vc_row]<\/p>\n","protected":false},"excerpt":{"rendered":"<p>El 27 de septiembre se reunir\u00e1n las empresas asociadas a la c\u00e1mara de los congeladores para analizar la conducta de esa firma en la negociaci\u00f3n con el SOMU. <\/p>\n","protected":false},"author":1,"featured_media":1449,"comment_status":"open","ping_status":"open","sticky":false,"template":"","format":"standard","meta":{"_monsterinsights_skip_tracking":false,"_monsterinsights_sitenote_active":false,"_monsterinsights_sitenote_note":"","_monsterinsights_sitenote_category":0,"neve_meta_sidebar":"","neve_meta_container":"","neve_meta_enable_content_width":"","neve_meta_content_width":0,"neve_meta_title_alignment":"","neve_meta_author_avatar":"","neve_post_elements_order":"","neve_meta_disable_header":"","neve_meta_disable_footer":"","neve_meta_disable_title":"","footnotes":""},"categories":[1],"tags":[36,32,35],"class_list":["post-1349","post","type-post","status-publish","format-standard","has-post-thumbnail","hentry","category-noticias","tag-argenova","tag-capeca","tag-somu"],"yoast_head":"<!-- This site is optimized with the Yoast SEO plugin v24.1 - https:\/\/yoast.com\/wordpress\/plugins\/seo\/ -->\n<title>CAPECA convoc\u00f3 a asamblea para expulsar a Argenova - C.A.Pe.C.A.<\/title>\n<meta name=\"robots\" content=\"index, follow, max-snippet:-1, max-image-preview:large, max-video-preview:-1\" \/>\n<link rel=\"canonical\" href=\"https:\/\/www.capeca.org.ar\/index.php\/2018\/09\/14\/capeca-convoco-a-asamblea-para-expulsar-a-argenova\/\" \/>\n<meta property=\"og:locale\" content=\"es_ES\" \/>\n<meta property=\"og:type\" content=\"article\" \/>\n<meta property=\"og:title\" content=\"CAPECA convoc\u00f3 a asamblea para expulsar a Argenova - C.A.Pe.C.A.\" \/>\n<meta property=\"og:description\" content=\"El 27 de septiembre se reunir\u00e1n las empresas asociadas a la c\u00e1mara de los congeladores para analizar la conducta de esa firma en la negociaci\u00f3n con el SOMU.\" \/>\n<meta property=\"og:url\" content=\"https:\/\/www.capeca.org.ar\/index.php\/2018\/09\/14\/capeca-convoco-a-asamblea-para-expulsar-a-argenova\/\" \/>\n<meta property=\"og:site_name\" content=\"C.A.Pe.C.A.\" \/>\n<meta property=\"article:published_time\" content=\"2018-09-14T15:01:36+00:00\" \/>\n<meta property=\"article:modified_time\" content=\"2018-09-26T02:25:10+00:00\" \/>\n<meta property=\"og:image\" content=\"https:\/\/www.capeca.org.ar\/wp\/wp-content\/uploads\/2018\/09\/thumb_nota01.jpg\" \/>\n\t<meta property=\"og:image:width\" content=\"635\" \/>\n\t<meta property=\"og:image:height\" content=\"360\" \/>\n\t<meta property=\"og:image:type\" content=\"image\/jpeg\" \/>\n<meta name=\"author\" content=\"Administrador\" \/>\n<meta name=\"twitter:card\" content=\"summary_large_image\" \/>\n<meta name=\"twitter:label1\" content=\"Escrito por\" \/>\n\t<meta name=\"twitter:data1\" content=\"Administrador\" \/>\n\t<meta name=\"twitter:label2\" content=\"Tiempo de lectura\" \/>\n\t<meta name=\"twitter:data2\" content=\"2 minutos\" \/>\n<script type=\"application\/ld+json\" class=\"yoast-schema-graph\">{\"@context\":\"https:\/\/schema.org\",\"@graph\":[{\"@type\":\"WebPage\",\"@id\":\"https:\/\/www.capeca.org.ar\/index.php\/2018\/09\/14\/capeca-convoco-a-asamblea-para-expulsar-a-argenova\/\",\"url\":\"https:\/\/www.capeca.org.ar\/index.php\/2018\/09\/14\/capeca-convoco-a-asamblea-para-expulsar-a-argenova\/\",\"name\":\"CAPECA convoc\u00f3 a asamblea para expulsar a Argenova - C.A.Pe.C.A.\",\"isPartOf\":{\"@id\":\"https:\/\/www.capeca.org.ar\/#website\"},\"primaryImageOfPage\":{\"@id\":\"https:\/\/www.capeca.org.ar\/index.php\/2018\/09\/14\/capeca-convoco-a-asamblea-para-expulsar-a-argenova\/#primaryimage\"},\"image\":{\"@id\":\"https:\/\/www.capeca.org.ar\/index.php\/2018\/09\/14\/capeca-convoco-a-asamblea-para-expulsar-a-argenova\/#primaryimage\"},\"thumbnailUrl\":\"https:\/\/www.capeca.org.ar\/wp\/wp-content\/uploads\/2018\/09\/thumb_nota01.jpg\",\"datePublished\":\"2018-09-14T15:01:36+00:00\",\"dateModified\":\"2018-09-26T02:25:10+00:00\",\"author\":{\"@id\":\"https:\/\/www.capeca.org.ar\/#\/schema\/person\/2587e20e6d5a0849251b5b3cdf466540\"},\"breadcrumb\":{\"@id\":\"https:\/\/www.capeca.org.ar\/index.php\/2018\/09\/14\/capeca-convoco-a-asamblea-para-expulsar-a-argenova\/#breadcrumb\"},\"inLanguage\":\"es\",\"potentialAction\":[{\"@type\":\"ReadAction\",\"target\":[\"https:\/\/www.capeca.org.ar\/index.php\/2018\/09\/14\/capeca-convoco-a-asamblea-para-expulsar-a-argenova\/\"]}]},{\"@type\":\"ImageObject\",\"inLanguage\":\"es\",\"@id\":\"https:\/\/www.capeca.org.ar\/index.php\/2018\/09\/14\/capeca-convoco-a-asamblea-para-expulsar-a-argenova\/#primaryimage\",\"url\":\"https:\/\/www.capeca.org.ar\/wp\/wp-content\/uploads\/2018\/09\/thumb_nota01.jpg\",\"contentUrl\":\"https:\/\/www.capeca.org.ar\/wp\/wp-content\/uploads\/2018\/09\/thumb_nota01.jpg\",\"width\":635,\"height\":360},{\"@type\":\"BreadcrumbList\",\"@id\":\"https:\/\/www.capeca.org.ar\/index.php\/2018\/09\/14\/capeca-convoco-a-asamblea-para-expulsar-a-argenova\/#breadcrumb\",\"itemListElement\":[{\"@type\":\"ListItem\",\"position\":1,\"name\":\"Portada\",\"item\":\"https:\/\/www.capeca.org.ar\/\"},{\"@type\":\"ListItem\",\"position\":2,\"name\":\"CAPECA convoc\u00f3 a asamblea para expulsar a Argenova\"}]},{\"@type\":\"WebSite\",\"@id\":\"https:\/\/www.capeca.org.ar\/#website\",\"url\":\"https:\/\/www.capeca.org.ar\/\",\"name\":\"C.A.Pe.C.A.\",\"description\":\"C\u00e1mara de Armadores de Pesqueros y Congeladores de la Argentina\",\"potentialAction\":[{\"@type\":\"SearchAction\",\"target\":{\"@type\":\"EntryPoint\",\"urlTemplate\":\"https:\/\/www.capeca.org.ar\/?s={search_term_string}\"},\"query-input\":{\"@type\":\"PropertyValueSpecification\",\"valueRequired\":true,\"valueName\":\"search_term_string\"}}],\"inLanguage\":\"es\"},{\"@type\":\"Person\",\"@id\":\"https:\/\/www.capeca.org.ar\/#\/schema\/person\/2587e20e6d5a0849251b5b3cdf466540\",\"name\":\"Administrador\",\"image\":{\"@type\":\"ImageObject\",\"inLanguage\":\"es\",\"@id\":\"https:\/\/www.capeca.org.ar\/#\/schema\/person\/image\/\",\"url\":\"https:\/\/secure.gravatar.com\/avatar\/699bb4f44324733802be60fffdec19bc?s=96&d=mm&r=g\",\"contentUrl\":\"https:\/\/secure.gravatar.com\/avatar\/699bb4f44324733802be60fffdec19bc?s=96&d=mm&r=g\",\"caption\":\"Administrador\"},\"url\":\"https:\/\/www.capeca.org.ar\/index.php\/author\/administrador\/\"}]}<\/script>\n<!-- \/ Yoast SEO plugin. -->","yoast_head_json":{"title":"CAPECA convoc\u00f3 a asamblea para expulsar a Argenova - C.A.Pe.C.A.","robots":{"index":"index","follow":"follow","max-snippet":"max-snippet:-1","max-image-preview":"max-image-preview:large","max-video-preview":"max-video-preview:-1"},"canonical":"https:\/\/www.capeca.org.ar\/index.php\/2018\/09\/14\/capeca-convoco-a-asamblea-para-expulsar-a-argenova\/","og_locale":"es_ES","og_type":"article","og_title":"CAPECA convoc\u00f3 a asamblea para expulsar a Argenova - C.A.Pe.C.A.","og_description":"El 27 de septiembre se reunir\u00e1n las empresas asociadas a la c\u00e1mara de los congeladores para analizar la conducta de esa firma en la negociaci\u00f3n con el SOMU.","og_url":"https:\/\/www.capeca.org.ar\/index.php\/2018\/09\/14\/capeca-convoco-a-asamblea-para-expulsar-a-argenova\/","og_site_name":"C.A.Pe.C.A.","article_published_time":"2018-09-14T15:01:36+00:00","article_modified_time":"2018-09-26T02:25:10+00:00","og_image":[{"width":635,"height":360,"url":"https:\/\/www.capeca.org.ar\/wp\/wp-content\/uploads\/2018\/09\/thumb_nota01.jpg","type":"image\/jpeg"}],"author":"Administrador","twitter_card":"summary_large_image","twitter_misc":{"Escrito por":"Administrador","Tiempo de lectura":"2 minutos"},"schema":{"@context":"https:\/\/schema.org","@graph":[{"@type":"WebPage","@id":"https:\/\/www.capeca.org.ar\/index.php\/2018\/09\/14\/capeca-convoco-a-asamblea-para-expulsar-a-argenova\/","url":"https:\/\/www.capeca.org.ar\/index.php\/2018\/09\/14\/capeca-convoco-a-asamblea-para-expulsar-a-argenova\/","name":"CAPECA convoc\u00f3 a asamblea para expulsar a Argenova - C.A.Pe.C.A.","isPartOf":{"@id":"https:\/\/www.capeca.org.ar\/#website"},"primaryImageOfPage":{"@id":"https:\/\/www.capeca.org.ar\/index.php\/2018\/09\/14\/capeca-convoco-a-asamblea-para-expulsar-a-argenova\/#primaryimage"},"image":{"@id":"https:\/\/www.capeca.org.ar\/index.php\/2018\/09\/14\/capeca-convoco-a-asamblea-para-expulsar-a-argenova\/#primaryimage"},"thumbnailUrl":"https:\/\/www.capeca.org.ar\/wp\/wp-content\/uploads\/2018\/09\/thumb_nota01.jpg","datePublished":"2018-09-14T15:01:36+00:00","dateModified":"2018-09-26T02:25:10+00:00","author":{"@id":"https:\/\/www.capeca.org.ar\/#\/schema\/person\/2587e20e6d5a0849251b5b3cdf466540"},"breadcrumb":{"@id":"https:\/\/www.capeca.org.ar\/index.php\/2018\/09\/14\/capeca-convoco-a-asamblea-para-expulsar-a-argenova\/#breadcrumb"},"inLanguage":"es","potentialAction":[{"@type":"ReadAction","target":["https:\/\/www.capeca.org.ar\/index.php\/2018\/09\/14\/capeca-convoco-a-asamblea-para-expulsar-a-argenova\/"]}]},{"@type":"ImageObject","inLanguage":"es","@id":"https:\/\/www.capeca.org.ar\/index.php\/2018\/09\/14\/capeca-convoco-a-asamblea-para-expulsar-a-argenova\/#primaryimage","url":"https:\/\/www.capeca.org.ar\/wp\/wp-content\/uploads\/2018\/09\/thumb_nota01.jpg","contentUrl":"https:\/\/www.capeca.org.ar\/wp\/wp-content\/uploads\/2018\/09\/thumb_nota01.jpg","width":635,"height":360},{"@type":"BreadcrumbList","@id":"https:\/\/www.capeca.org.ar\/index.php\/2018\/09\/14\/capeca-convoco-a-asamblea-para-expulsar-a-argenova\/#breadcrumb","itemListElement":[{"@type":"ListItem","position":1,"name":"Portada","item":"https:\/\/www.capeca.org.ar\/"},{"@type":"ListItem","position":2,"name":"CAPECA convoc\u00f3 a asamblea para expulsar a Argenova"}]},{"@type":"WebSite","@id":"https:\/\/www.capeca.org.ar\/#website","url":"https:\/\/www.capeca.org.ar\/","name":"C.A.Pe.C.A.","description":"C\u00e1mara de Armadores de Pesqueros y Congeladores de la Argentina","potentialAction":[{"@type":"SearchAction","target":{"@type":"EntryPoint","urlTemplate":"https:\/\/www.capeca.org.ar\/?s={search_term_string}"},"query-input":{"@type":"PropertyValueSpecification","valueRequired":true,"valueName":"search_term_string"}}],"inLanguage":"es"},{"@type":"Person","@id":"https:\/\/www.capeca.org.ar\/#\/schema\/person\/2587e20e6d5a0849251b5b3cdf466540","name":"Administrador","image":{"@type":"ImageObject","inLanguage":"es","@id":"https:\/\/www.capeca.org.ar\/#\/schema\/person\/image\/","url":"https:\/\/secure.gravatar.com\/avatar\/699bb4f44324733802be60fffdec19bc?s=96&d=mm&r=g","contentUrl":"https:\/\/secure.gravatar.com\/avatar\/699bb4f44324733802be60fffdec19bc?s=96&d=mm&r=g","caption":"Administrador"},"url":"https:\/\/www.capeca.org.ar\/index.php\/author\/administrador\/"}]}},"_links":{"self":[{"href":"https:\/\/www.capeca.org.ar\/index.php\/wp-json\/wp\/v2\/posts\/1349","targetHints":{"allow":["GET"]}}],"collection":[{"href":"https:\/\/www.capeca.org.ar\/index.php\/wp-json\/wp\/v2\/posts"}],"about":[{"href":"https:\/\/www.capeca.org.ar\/index.php\/wp-json\/wp\/v2\/types\/post"}],"author":[{"embeddable":true,"href":"https:\/\/www.capeca.org.ar\/index.php\/wp-json\/wp\/v2\/users\/1"}],"replies":[{"embeddable":true,"href":"https:\/\/www.capeca.org.ar\/index.php\/wp-json\/wp\/v2\/comments?post=1349"}],"version-history":[{"count":9,"href":"https:\/\/www.capeca.org.ar\/index.php\/wp-json\/wp\/v2\/posts\/1349\/revisions"}],"predecessor-version":[{"id":1506,"href":"https:\/\/www.capeca.org.ar\/index.php\/wp-json\/wp\/v2\/posts\/1349\/revisions\/1506"}],"wp:featuredmedia":[{"embeddable":true,"href":"https:\/\/www.capeca.org.ar\/index.php\/wp-json\/wp\/v2\/media\/1449"}],"wp:attachment":[{"href":"https:\/\/www.capeca.org.ar\/index.php\/wp-json\/wp\/v2\/media?parent=1349"}],"wp:term":[{"taxonomy":"category","embeddable":true,"href":"https:\/\/www.capeca.org.ar\/index.php\/wp-json\/wp\/v2\/categories?post=1349"},{"taxonomy":"post_tag","embeddable":true,"href":"https:\/\/www.capeca.org.ar\/index.php\/wp-json\/wp\/v2\/tags?post=1349"}],"curies":[{"name":"wp","href":"https:\/\/api.w.org\/{rel}","templated":true}]}}